{"id":84046,"date":"2020-05-02T15:16:34","date_gmt":"2020-05-02T19:16:34","guid":{"rendered":"https:\/\/linitiative.ca\/International\/icone-pop-madonna-se-pense-immunisee-contre-le-coronavirus\/"},"modified":"2020-05-02T15:16:34","modified_gmt":"2020-05-02T19:16:34","slug":"icone-pop-madonna-se-pense-immunisee-contre-le-coronavirus","status":"publish","type":"post","link":"https:\/\/linitiative.ca\/International\/icone-pop-madonna-se-pense-immunisee-contre-le-coronavirus\/","title":{"rendered":"Ic\u00f4ne pop : Madonna se pense immunis\u00e9e contre le coronavirus"},"content":{"rendered":"<p>L&rsquo;ic\u00f4ne pop am\u00e9ricaine Madonna a annonc\u00e9, vendredi sur les r\u00e9seaux sociaux, qu&rsquo;elle avait \u00e9t\u00e9 test\u00e9e positive aux anticorps COVID-19, laissant entendre qu&rsquo;elle \u00e9tait d\u00e9sormais immunis\u00e9e contre la maladie. Toutefois, des experts m\u00e9dicaux ont assur\u00e9 que la pr\u00e9sence d&rsquo;anticorps n&rsquo;\u00e9tait pas synonyme d&rsquo;immunit\u00e9.\u00a0\u00a0<br \/>La chanteuse, compositrice et actrice de 61 ans a post\u00e9 sur Instagram une vid\u00e9o dans le cadre de son \u00abJournal de quarantaine\u00bb dans laquelle elle dit : \u00abJ&rsquo;ai pass\u00e9 un test l&rsquo;autre jour. J&rsquo;ai d\u00e9couvert que j&rsquo;avais les anticorps.\u00bb\u00a0\u00a0\u00a0<br \/>\u00abAlors demain, je vais faire une longue balade en voiture&#8230; baisser la vitre et respirer l&rsquo;air du COVID-19\u00bb, a-t-elle d\u00e9clar\u00e9.\u00a0\u00a0<br \/>Mais des m\u00e9dias locaux ont soulign\u00e9 que la pr\u00e9sence d&rsquo;anticorps r\u00e9v\u00e9l\u00e9e par un test signifiait seulement que Madonna avait \u00e9t\u00e9 infect\u00e9e par le virus et que les \u00e9tudes actuelles ne fournissaient pas suffisamment de preuves sur l&rsquo;efficacit\u00e9 de l&rsquo;immunit\u00e9 \u00e0 m\u00e9diation par anticorps pour garantir qu&rsquo;elle ne serait pas infect\u00e9e \u00e0 nouveau.\u00a0\u00a0<\/p>\n<p>Auteur: elmoudjahid<br \/>\n<a href=\"http:\/\/www.elmoudjahid.com\/fr\/actualites\/152640\">Cliquez ici pour lire l&rsquo;article depuis sa source.<\/a><\/p>\n","protected":false},"excerpt":{"rendered":"<p>L&rsquo;ic\u00f4ne pop am\u00e9ricaine Madonna a annonc\u00e9, vendredi sur les r\u00e9seaux sociaux, qu&rsquo;elle avait \u00e9t\u00e9 test\u00e9e positive aux anticorps COVID-19, laissant entendre qu&rsquo;elle \u00e9tait d\u00e9sormais immunis\u00e9e contre la maladie. Toutefois, des experts m\u00e9dicaux ont assur\u00e9 que la pr\u00e9sence d&rsquo;anticorps n&rsquo;\u00e9tait pas synonyme d&rsquo;immunit\u00e9.\u00a0\u00a0La chanteuse, compositrice et actrice de 61 ans a post\u00e9 sur Instagram une vid\u00e9o [&hellip;]<\/p>\n","protected":false},"author":1744,"featured_media":0,"comment_status":"closed","ping_status":"closed","sticky":false,"template":"","format":"standard","meta":{"fifu_image_url":"","fifu_image_alt":"","footnotes":""},"categories":[73,53],"tags":[],"class_list":["post-84046","post","type-post","status-publish","format-standard","hentry","category-actualite","category-algerie"],"_links":{"self":[{"href":"https:\/\/linitiative.ca\/International\/wp-json\/wp\/v2\/posts\/84046","targetHints":{"allow":["GET"]}}],"collection":[{"href":"https:\/\/linitiative.ca\/International\/wp-json\/wp\/v2\/posts"}],"about":[{"href":"https:\/\/linitiative.ca\/International\/wp-json\/wp\/v2\/types\/post"}],"author":[{"embeddable":true,"href":"https:\/\/linitiative.ca\/International\/wp-json\/wp\/v2\/users\/1744"}],"replies":[{"embeddable":true,"href":"https:\/\/linitiative.ca\/International\/wp-json\/wp\/v2\/comments?post=84046"}],"version-history":[{"count":0,"href":"https:\/\/linitiative.ca\/International\/wp-json\/wp\/v2\/posts\/84046\/revisions"}],"wp:attachment":[{"href":"https:\/\/linitiative.ca\/International\/wp-json\/wp\/v2\/media?parent=84046"}],"wp:term":[{"taxonomy":"category","embeddable":true,"href":"https:\/\/linitiative.ca\/International\/wp-json\/wp\/v2\/categories?post=84046"},{"taxonomy":"post_tag","embeddable":true,"href":"https:\/\/linitiative.ca\/International\/wp-json\/wp\/v2\/tags?post=84046"}],"curies":[{"name":"wp","href":"https:\/\/api.w.org\/{rel}","templated":true}]}}