{"id":84050,"date":"2020-05-02T14:27:00","date_gmt":"2020-05-02T18:27:00","guid":{"rendered":"https:\/\/linitiative.ca\/International\/ain-defla-7-individus-places-en-detention-provisoire\/"},"modified":"2020-05-02T14:27:00","modified_gmt":"2020-05-02T18:27:00","slug":"ain-defla-7-individus-places-en-detention-provisoire","status":"publish","type":"post","link":"https:\/\/linitiative.ca\/International\/ain-defla-7-individus-places-en-detention-provisoire\/","title":{"rendered":"A\u00cfN DEFLA : 7 individus plac\u00e9s en d\u00e9tention provisoire"},"content":{"rendered":"<p><br id=\"sep_para_1\" class=\"sep_para access\"\/><\/p>\n<div id=\"para_1\" class=\"para_36761546 resize\">\n<div class=\"texte access firstletter\">Le juge d\u2019instruction pr\u00e8s le tribunal d\u2019Ain Defla a ordonn\u00e9 le placement de 7 mis en cause en d\u00e9tention provisoire et de 20 autres sous contr\u00f4le judiciaire pour implication dans une affaire de passation de march\u00e9s publics contraires aux dispositions l\u00e9gislatives en vigueur et indues d\u00e9penses relatives aux \u00e9lections l\u00e9gislatives, a indiqu\u00e9,\u00a0 un communiqu\u00e9 du minist\u00e8re public de la Cour d\u2019Ain Defla. \u00abEn application des dispositions de l\u2019article 11, alin\u00e9a 3, du code de proc\u00e9dure p\u00e9nale, le minist\u00e8re public pr\u00e8s la Cour d\u2019Ain Defla informe l\u2019opinion publique que des enqu\u00eates ont \u00e9t\u00e9 diligent\u00e9es par l\u2019Office central de r\u00e9pression de la corruption (OCRC) et la brigade \u00e9conomique et financi\u00e8re de la S\u00fbret\u00e9 de la wilaya d\u2019Ain Defla, concernant des passations de march\u00e9s publics contraires aux dispositions l\u00e9gislatives en vigueur portant acquisition d\u2019\u00e9quipements informatiques, diff\u00e9rentes fournitures bureautiques et d\u2019autres \u00e9quipements entre 2008 \u00e0 2016, ainsi que des indues d\u00e9penses relatives aux \u00e9lections l\u00e9gislatives\u00bb, pr\u00e9cise la m\u00eame source. Lors de la pr\u00e9sentation des mis en cause le 29\/04\/2020, le procureur de la R\u00e9publique pr\u00e8s le Tribunal de Ain Defla a ordonn\u00e9 l\u2019ouverture d\u2019une enqu\u00eate judiciaire. Le juge d\u2019instruction a ordonn\u00e9, pour sa part, le placement de sept (07) accus\u00e9s en d\u00e9tention provisoire et de 20 autres sous contr\u00f4le judiciaire. Un mandat d\u2019arr\u00eat a \u00e9t\u00e9 \u00e9tabli contre deux accus\u00e9s en fuite, conclut le communiqu\u00e9.\u00a0\u00a0\u00a0<\/div>\n<\/div>\n<p>Auteur: Nadine<br \/>\n<a href=\"https:\/\/www.reflexiondz.net\/AIN-DEFLA-7-individus-places-en-detention-provisoire_a62427.html\">Cliquez ici pour lire l&rsquo;article depuis sa source.<\/a><\/p>\n","protected":false},"excerpt":{"rendered":"<p>Le juge d\u2019instruction pr\u00e8s le tribunal d\u2019Ain Defla a ordonn\u00e9 le placement de 7 mis en cause en d\u00e9tention provisoire et de 20 autres sous contr\u00f4le judiciaire pour implication dans une affaire de passation de march\u00e9s publics contraires aux dispositions l\u00e9gislatives en vigueur et indues d\u00e9penses relatives aux \u00e9lections l\u00e9gislatives, a indiqu\u00e9,\u00a0 un communiqu\u00e9 du [&hellip;]<\/p>\n","protected":false},"author":1740,"featured_media":0,"comment_status":"closed","ping_status":"closed","sticky":false,"template":"","format":"standard","meta":{"fifu_image_url":"","fifu_image_alt":"","footnotes":""},"categories":[53,76],"tags":[],"class_list":["post-84050","post","type-post","status-publish","format-standard","hentry","category-algerie","category-regions"],"_links":{"self":[{"href":"https:\/\/linitiative.ca\/International\/wp-json\/wp\/v2\/posts\/84050","targetHints":{"allow":["GET"]}}],"collection":[{"href":"https:\/\/linitiative.ca\/International\/wp-json\/wp\/v2\/posts"}],"about":[{"href":"https:\/\/linitiative.ca\/International\/wp-json\/wp\/v2\/types\/post"}],"author":[{"embeddable":true,"href":"https:\/\/linitiative.ca\/International\/wp-json\/wp\/v2\/users\/1740"}],"replies":[{"embeddable":true,"href":"https:\/\/linitiative.ca\/International\/wp-json\/wp\/v2\/comments?post=84050"}],"version-history":[{"count":0,"href":"https:\/\/linitiative.ca\/International\/wp-json\/wp\/v2\/posts\/84050\/revisions"}],"wp:attachment":[{"href":"https:\/\/linitiative.ca\/International\/wp-json\/wp\/v2\/media?parent=84050"}],"wp:term":[{"taxonomy":"category","embeddable":true,"href":"https:\/\/linitiative.ca\/International\/wp-json\/wp\/v2\/categories?post=84050"},{"taxonomy":"post_tag","embeddable":true,"href":"https:\/\/linitiative.ca\/International\/wp-json\/wp\/v2\/tags?post=84050"}],"curies":[{"name":"wp","href":"https:\/\/api.w.org\/{rel}","templated":true}]}}