{"id":84051,"date":"2020-05-02T14:27:00","date_gmt":"2020-05-02T18:27:00","guid":{"rendered":"https:\/\/linitiative.ca\/International\/lutte-contre-le-covid-19-djerad-appelle-a-davantage-de-vigilance\/"},"modified":"2020-05-02T14:27:00","modified_gmt":"2020-05-02T18:27:00","slug":"lutte-contre-le-covid-19-djerad-appelle-a-davantage-de-vigilance","status":"publish","type":"post","link":"https:\/\/linitiative.ca\/International\/lutte-contre-le-covid-19-djerad-appelle-a-davantage-de-vigilance\/","title":{"rendered":"LUTTE CONTRE LE COVID-19  : Djerad appelle \u00e0  davantage de vigilance"},"content":{"rendered":"<p><br id=\"sep_para_1\" class=\"sep_para access\"\/><\/p>\n<div id=\"para_1\" class=\"para_36761543 resize\">\n<div class=\"texte access firstletter\">Accompagn\u00e9 par les ministres de la Sant\u00e9, de la population et de la r\u00e9forme hospitali\u00e8re, Abderrahamane Benbouzid et l&rsquo;Enseignement sup\u00e9rieur et de la Recherche scientifique, Chems Eddine Chitour,\u00a0 le Premier ministre, Abdelaziz Djerad a salu\u00e9 au nom du pr\u00e9sident de la R\u00e9publique, Abdelmadjid Tebboune, les efforts consentis par les staffs m\u00e9dicaux pour la prise en charge des malades du coronavirus Covid-19. Au cours de la pr\u00e9sentation d\u2019un expos\u00e9 sur la situation \u00e9pid\u00e9miologique dans la wilaya, tenue au Centre hospitalo-universitaire, CHU-Benbadis, le Premier ministre a mis en avant les comp\u00e9tences \u00ab\u00a0professionnelles et scientifiques\u00a0\u00bb des praticiens les invitant \u00e0 participer au projet de refonte du secteur de la sant\u00e9, d\u00e9cid\u00e9 par le pr\u00e9sident de la R\u00e9publique.\u00a0 \u00ab\u00a0Un travail imposant est effectu\u00e9 par les staffs m\u00e9dicaux pour la prise en charge des patients atteints du Covid-19 et des moyens colossaux sont mobilis\u00e9s par l\u2019Etat pour appuyer les efforts des praticiens, et j\u2019appelle le citoyen \u00e0 prendre ses responsabilit\u00e9s et assumer son r\u00f4le dans la lutte contre le coronavirus\u00a0\u00bb, a pr\u00e9cis\u00e9 le Premier ministre lors de son passage sur les ondes de la radio de Constantine. Relevant que dans le cadre de la coop\u00e9ration internationale, l\u2019Alg\u00e9rie a pu acqu\u00e9rir \u00ab\u00a0d\u2019importants lots d\u2019\u00e9quipements et produits m\u00e9dicaux\u00a0\u00bb, le Premier ministre a assur\u00e9 que la lutte contre cette pand\u00e9mie repose sur deux axes, le traitement et la pr\u00e9vention. Il a dans ce sens soulign\u00e9 que \u00ab\u00a0l\u2019implication efficace et effective du citoyen permet de pr\u00e9server sa vie et celle de son environnement\u00a0\u00bb et consolide les efforts pour sortir de cette crise sanitaire, mettant \u00e9galement en avant le r\u00f4le des m\u00e9dias dans la sensibilisation aux risques du coronavirus. M.Djerad qui a \u00e9voqu\u00e9 la situation \u00e9pid\u00e9miologique \u00e0 Constantine, a indiqu\u00e9 que l\u2019Etat \u00e0 travers le minist\u00e8re de la Sant\u00e9 se d\u00e9ploie pour circonscrire la propagation de la pand\u00e9mie et renforcer en moyens mat\u00e9riels et logistiques les structures de la sant\u00e9 pour aplatir la courbe de contamination. Il a ajout\u00e9 que l\u2019Etat \u0153uvre, \u00e0 partir de l\u2019\u00e9valuation par les experts de la sant\u00e9 des bilans de la situation \u00e9pid\u00e9miologique \u00e0 \u00ab\u00a0prendre les d\u00e9cisions qui s\u2019imposent et \u00e0 conforter le travail des diff\u00e9rentes instances engag\u00e9es dans la lutte contre la propagation du coronavirus\u00a0\u00bb.<\/div>\n<\/div>\n<p>Auteur: Ismain<br \/>\n<a href=\"https:\/\/www.reflexiondz.net\/LUTTE-CONTRE-LE-COVID-19-Djerad-appelle-a-davantage-de-vigilance_a62426.html\">Cliquez ici pour lire l&rsquo;article depuis sa source.<\/a><\/p>\n","protected":false},"excerpt":{"rendered":"<p>Accompagn\u00e9 par les ministres de la Sant\u00e9, de la population et de la r\u00e9forme hospitali\u00e8re, Abderrahamane Benbouzid et l&rsquo;Enseignement sup\u00e9rieur et de la Recherche scientifique, Chems Eddine Chitour,\u00a0 le Premier ministre, Abdelaziz Djerad a salu\u00e9 au nom du pr\u00e9sident de la R\u00e9publique, Abdelmadjid Tebboune, les efforts consentis par les staffs m\u00e9dicaux pour la prise en [&hellip;]<\/p>\n","protected":false},"author":1740,"featured_media":0,"comment_status":"closed","ping_status":"closed","sticky":false,"template":"","format":"standard","meta":{"fifu_image_url":"","fifu_image_alt":"","footnotes":""},"categories":[53,76],"tags":[],"class_list":["post-84051","post","type-post","status-publish","format-standard","hentry","category-algerie","category-regions"],"_links":{"self":[{"href":"https:\/\/linitiative.ca\/International\/wp-json\/wp\/v2\/posts\/84051","targetHints":{"allow":["GET"]}}],"collection":[{"href":"https:\/\/linitiative.ca\/International\/wp-json\/wp\/v2\/posts"}],"about":[{"href":"https:\/\/linitiative.ca\/International\/wp-json\/wp\/v2\/types\/post"}],"author":[{"embeddable":true,"href":"https:\/\/linitiative.ca\/International\/wp-json\/wp\/v2\/users\/1740"}],"replies":[{"embeddable":true,"href":"https:\/\/linitiative.ca\/International\/wp-json\/wp\/v2\/comments?post=84051"}],"version-history":[{"count":0,"href":"https:\/\/linitiative.ca\/International\/wp-json\/wp\/v2\/posts\/84051\/revisions"}],"wp:attachment":[{"href":"https:\/\/linitiative.ca\/International\/wp-json\/wp\/v2\/media?parent=84051"}],"wp:term":[{"taxonomy":"category","embeddable":true,"href":"https:\/\/linitiative.ca\/International\/wp-json\/wp\/v2\/categories?post=84051"},{"taxonomy":"post_tag","embeddable":true,"href":"https:\/\/linitiative.ca\/International\/wp-json\/wp\/v2\/tags?post=84051"}],"curies":[{"name":"wp","href":"https:\/\/api.w.org\/{rel}","templated":true}]}}