{"id":84052,"date":"2020-05-02T14:32:00","date_gmt":"2020-05-02T18:32:00","guid":{"rendered":"https:\/\/linitiative.ca\/International\/le-president-tebboune-accable-rsf\/"},"modified":"2020-05-02T14:32:00","modified_gmt":"2020-05-02T18:32:00","slug":"le-president-tebboune-accable-rsf","status":"publish","type":"post","link":"https:\/\/linitiative.ca\/International\/le-president-tebboune-accable-rsf\/","title":{"rendered":"Le pr\u00e9sident Tebboune accable RSF"},"content":{"rendered":"<p><br id=\"sep_para_1\" class=\"sep_para access\"\/><\/p>\n<div id=\"para_1\" class=\"para_36761591 resize\">\n<div class=\"texte access firstletter\">Le chef de l\u2019Etat, Abdelmadjid Tebboune, a critiqu\u00e9, lors de sa rencontre avec des repr\u00e9sentants de m\u00e9dias nationaux, Reporters sans fronti\u00e8res (RSF). \u00ab Il y a des gens qui sont actionn\u00e9s de l\u2019\u00e9tranger. Parmi 8000 journalistes, il y a 3 ou 4 qui n\u2019appartiennent pas \u00e0 la presse nationale, mais aux mains \u00e9trang\u00e8res et financ\u00e9s de l\u2019\u00e9tranger\u00bb, a indiqu\u00e9 M. Tebboune. \u00ab RSF, je les connais bien. Son pr\u00e9sident parle de d\u00e9mocratie. Ils ne parlent que de nous. Je connais son grand p\u00e8re, son p\u00e8re. Ils \u00e9taient des colons \u00e0 la Mitidja qui ont \u00e9gorg\u00e9 des Alg\u00e9riens \u00bb, a ajout\u00e9 le chef de l\u2019Etat. Le chef de l\u2019Etat a d\u00e9fendu la libert\u00e9 de la presse en Alg\u00e9rie en \u00e9voquant les diff\u00e9rentes aides de l\u2019Etat accord\u00e9es aux m\u00e9dias nationaux. \u00ab Je soutiens de la libert\u00e9 d\u2019expression, mais j\u2019ai dit que je combattrai vigoureusement la diffamation, l\u2019insulte \u00bb, a-t-il dit. \u00ab La libert\u00e9 de la presse est garantie, sauf pour les hors la loi \u00bb, a soulign\u00e9 M. Tebboune.<\/div>\n<\/div>\n<p>Auteur: R\u00e9flexion<br \/>\n<a href=\"https:\/\/www.reflexiondz.net\/Le-president-Tebboune-accable-RSF_a62438.html\">Cliquez ici pour lire l&rsquo;article depuis sa source.<\/a><\/p>\n","protected":false},"excerpt":{"rendered":"<p>Le chef de l\u2019Etat, Abdelmadjid Tebboune, a critiqu\u00e9, lors de sa rencontre avec des repr\u00e9sentants de m\u00e9dias nationaux, Reporters sans fronti\u00e8res (RSF). \u00ab Il y a des gens qui sont actionn\u00e9s de l\u2019\u00e9tranger. Parmi 8000 journalistes, il y a 3 ou 4 qui n\u2019appartiennent pas \u00e0 la presse nationale, mais aux mains \u00e9trang\u00e8res et financ\u00e9s [&hellip;]<\/p>\n","protected":false},"author":1740,"featured_media":0,"comment_status":"closed","ping_status":"closed","sticky":false,"template":"","format":"standard","meta":{"fifu_image_url":"","fifu_image_alt":"","footnotes":""},"categories":[53,76],"tags":[],"class_list":["post-84052","post","type-post","status-publish","format-standard","hentry","category-algerie","category-regions"],"_links":{"self":[{"href":"https:\/\/linitiative.ca\/International\/wp-json\/wp\/v2\/posts\/84052","targetHints":{"allow":["GET"]}}],"collection":[{"href":"https:\/\/linitiative.ca\/International\/wp-json\/wp\/v2\/posts"}],"about":[{"href":"https:\/\/linitiative.ca\/International\/wp-json\/wp\/v2\/types\/post"}],"author":[{"embeddable":true,"href":"https:\/\/linitiative.ca\/International\/wp-json\/wp\/v2\/users\/1740"}],"replies":[{"embeddable":true,"href":"https:\/\/linitiative.ca\/International\/wp-json\/wp\/v2\/comments?post=84052"}],"version-history":[{"count":0,"href":"https:\/\/linitiative.ca\/International\/wp-json\/wp\/v2\/posts\/84052\/revisions"}],"wp:attachment":[{"href":"https:\/\/linitiative.ca\/International\/wp-json\/wp\/v2\/media?parent=84052"}],"wp:term":[{"taxonomy":"category","embeddable":true,"href":"https:\/\/linitiative.ca\/International\/wp-json\/wp\/v2\/categories?post=84052"},{"taxonomy":"post_tag","embeddable":true,"href":"https:\/\/linitiative.ca\/International\/wp-json\/wp\/v2\/tags?post=84052"}],"curies":[{"name":"wp","href":"https:\/\/api.w.org\/{rel}","templated":true}]}}