{"id":84053,"date":"2020-05-02T14:32:00","date_gmt":"2020-05-02T18:32:00","guid":{"rendered":"https:\/\/linitiative.ca\/International\/khalida-toumi-transferee-a-la-prison-de-kolea\/"},"modified":"2020-05-02T14:32:00","modified_gmt":"2020-05-02T18:32:00","slug":"khalida-toumi-transferee-a-la-prison-de-kolea","status":"publish","type":"post","link":"https:\/\/linitiative.ca\/International\/khalida-toumi-transferee-a-la-prison-de-kolea\/","title":{"rendered":"Khalida Toumi transf\u00e9r\u00e9e \u00e0 la prison de Kol\u00e9a"},"content":{"rendered":"<p><br id=\"sep_para_1\" class=\"sep_para access\"\/><\/p>\n<div id=\"para_1\" class=\"para_36761592 resize\">\n<div class=\"texte access firstletter\">L\u2019ancienne ministre de la culture, Khalida Toumi, a \u00e9t\u00e9 transf\u00e9r\u00e9e de la prison d\u2019El-Harrach vers celle de Kol\u00e9a, selon une source m\u00e9diatique qui cite ses avocats. La m\u00eame mesure, qui a touch\u00e9 plusieurs hommes d\u2019affaires, r\u00e9pondrait \u00e0 une demande des autorit\u00e9s p\u00e9nitentiaires qui se disent submerg\u00e9es par le nombre de visites quotidiennes effectu\u00e9es par les avocats des c\u00e9l\u00e8bres d\u00e9tenus de cette prison. Pour rappel,\u00a0 l\u2019ancienne ministre de la culture, Khalida, Toumi a \u00e9t\u00e9 plac\u00e9,\u00a0 le 04 novembre, sous mandat de d\u00e9p\u00f4t \u00e0 la prison d\u2019El Harrach \u00e0 Alger, par le conseiller instructeur pr\u00e8s la Cour Supr\u00eame. L\u2019ancienne ministre est poursuivie dans une affaire de dilapidation de deniers publics lors de la manifestation \u00ab Tlemcen, capitale de la culture islamique \u00bb organis\u00e9e en 2011, selon l\u2019agence officielle.<\/div>\n<\/div>\n<p>Auteur: R\u00e9flexion<br \/>\n<a href=\"https:\/\/www.reflexiondz.net\/Khalida-Toumi-transferee-a-la-prison-de-Kolea_a62439.html\">Cliquez ici pour lire l&rsquo;article depuis sa source.<\/a><\/p>\n","protected":false},"excerpt":{"rendered":"<p>L\u2019ancienne ministre de la culture, Khalida Toumi, a \u00e9t\u00e9 transf\u00e9r\u00e9e de la prison d\u2019El-Harrach vers celle de Kol\u00e9a, selon une source m\u00e9diatique qui cite ses avocats. La m\u00eame mesure, qui a touch\u00e9 plusieurs hommes d\u2019affaires, r\u00e9pondrait \u00e0 une demande des autorit\u00e9s p\u00e9nitentiaires qui se disent submerg\u00e9es par le nombre de visites quotidiennes effectu\u00e9es par les [&hellip;]<\/p>\n","protected":false},"author":1740,"featured_media":0,"comment_status":"closed","ping_status":"closed","sticky":false,"template":"","format":"standard","meta":{"fifu_image_url":"","fifu_image_alt":"","footnotes":""},"categories":[53,76],"tags":[],"class_list":["post-84053","post","type-post","status-publish","format-standard","hentry","category-algerie","category-regions"],"_links":{"self":[{"href":"https:\/\/linitiative.ca\/International\/wp-json\/wp\/v2\/posts\/84053","targetHints":{"allow":["GET"]}}],"collection":[{"href":"https:\/\/linitiative.ca\/International\/wp-json\/wp\/v2\/posts"}],"about":[{"href":"https:\/\/linitiative.ca\/International\/wp-json\/wp\/v2\/types\/post"}],"author":[{"embeddable":true,"href":"https:\/\/linitiative.ca\/International\/wp-json\/wp\/v2\/users\/1740"}],"replies":[{"embeddable":true,"href":"https:\/\/linitiative.ca\/International\/wp-json\/wp\/v2\/comments?post=84053"}],"version-history":[{"count":0,"href":"https:\/\/linitiative.ca\/International\/wp-json\/wp\/v2\/posts\/84053\/revisions"}],"wp:attachment":[{"href":"https:\/\/linitiative.ca\/International\/wp-json\/wp\/v2\/media?parent=84053"}],"wp:term":[{"taxonomy":"category","embeddable":true,"href":"https:\/\/linitiative.ca\/International\/wp-json\/wp\/v2\/categories?post=84053"},{"taxonomy":"post_tag","embeddable":true,"href":"https:\/\/linitiative.ca\/International\/wp-json\/wp\/v2\/tags?post=84053"}],"curies":[{"name":"wp","href":"https:\/\/api.w.org\/{rel}","templated":true}]}}