{"id":84054,"date":"2020-05-02T14:32:00","date_gmt":"2020-05-02T18:32:00","guid":{"rendered":"https:\/\/linitiative.ca\/International\/rezig-en-visite-inopinee-a-des-commerces-a-boufarik\/"},"modified":"2020-05-02T14:32:00","modified_gmt":"2020-05-02T18:32:00","slug":"rezig-en-visite-inopinee-a-des-commerces-a-boufarik","status":"publish","type":"post","link":"https:\/\/linitiative.ca\/International\/rezig-en-visite-inopinee-a-des-commerces-a-boufarik\/","title":{"rendered":"Rezig en visite inopin\u00e9e \u00e0 des commerces  \u00e0 Boufarik"},"content":{"rendered":"<p><br id=\"sep_para_1\" class=\"sep_para access\"\/><\/p>\n<div id=\"para_1\" class=\"para_36761588 resize\">\n<div class=\"texte access firstletter\">Le ministre du Commerce, Kamel Rezig, a effectu\u00e9 une visite surprise \u00e0 des commerces de g\u00e2teaux traditionnels \u00e0 Boufarik dans la wilaya de Blida pour s\u2019enqu\u00e9rir du degr\u00e9 d\u2019application des r\u00e8gles d\u2019hygi\u00e8ne et des mesures de protection. \u00ab En application de la circulaire interminist\u00e9rielle \u00e9tablie entre les d\u00e9partements du Commerce et celui de l\u2019Int\u00e9rieur, des Collectivit\u00e9s locales et de l\u2019Am\u00e9nagement du territoire, et fixant les conditions de reprise de certaines activit\u00e9s commerciales, le ministre du Commerce, Kamel Rezig a effectu\u00e9, jeudi, une visite inopin\u00e9e \u00e0 des magasins de vente de g\u00e2teaux traditionnels \u00e0 Boufarik afin de s\u2019enqu\u00e9rir du degr\u00e9 d\u2019application des mesures pr\u00e9ventives contre la propagation de la pand\u00e9mie Covid-19\u2033, selon un communiqu\u00e9 du minist\u00e8re du Commerce. Lors de sa visite le ministre a insist\u00e9 sur \u00ab le port obligatoire par les commer\u00e7ants de masques, de gants et de blouses \u00bb, le ministre a mis l\u2019accent, lors de cette visite, sur l\u2019imp\u00e9ratif de \u00ab d\u00e9sinfecter continuellement les espaces r\u00e9serv\u00e9s aux clients et de veiller \u00e0 l\u2019organisation de l\u2019acc\u00e8s aux magasins en faisant respecter les r\u00e8gles de distanciation \u00bb.<\/div>\n<\/div>\n<p>Auteur: R\u00e9flexion<br \/>\n<a href=\"https:\/\/www.reflexiondz.net\/Rezig-en-visite-inopinee-a-des-commerces-a-Boufarik_a62437.html\">Cliquez ici pour lire l&rsquo;article depuis sa source.<\/a><\/p>\n","protected":false},"excerpt":{"rendered":"<p>Le ministre du Commerce, Kamel Rezig, a effectu\u00e9 une visite surprise \u00e0 des commerces de g\u00e2teaux traditionnels \u00e0 Boufarik dans la wilaya de Blida pour s\u2019enqu\u00e9rir du degr\u00e9 d\u2019application des r\u00e8gles d\u2019hygi\u00e8ne et des mesures de protection. \u00ab En application de la circulaire interminist\u00e9rielle \u00e9tablie entre les d\u00e9partements du Commerce et celui de l\u2019Int\u00e9rieur, des [&hellip;]<\/p>\n","protected":false},"author":1740,"featured_media":0,"comment_status":"closed","ping_status":"closed","sticky":false,"template":"","format":"standard","meta":{"fifu_image_url":"","fifu_image_alt":"","footnotes":""},"categories":[53,76],"tags":[],"class_list":["post-84054","post","type-post","status-publish","format-standard","hentry","category-algerie","category-regions"],"_links":{"self":[{"href":"https:\/\/linitiative.ca\/International\/wp-json\/wp\/v2\/posts\/84054","targetHints":{"allow":["GET"]}}],"collection":[{"href":"https:\/\/linitiative.ca\/International\/wp-json\/wp\/v2\/posts"}],"about":[{"href":"https:\/\/linitiative.ca\/International\/wp-json\/wp\/v2\/types\/post"}],"author":[{"embeddable":true,"href":"https:\/\/linitiative.ca\/International\/wp-json\/wp\/v2\/users\/1740"}],"replies":[{"embeddable":true,"href":"https:\/\/linitiative.ca\/International\/wp-json\/wp\/v2\/comments?post=84054"}],"version-history":[{"count":0,"href":"https:\/\/linitiative.ca\/International\/wp-json\/wp\/v2\/posts\/84054\/revisions"}],"wp:attachment":[{"href":"https:\/\/linitiative.ca\/International\/wp-json\/wp\/v2\/media?parent=84054"}],"wp:term":[{"taxonomy":"category","embeddable":true,"href":"https:\/\/linitiative.ca\/International\/wp-json\/wp\/v2\/categories?post=84054"},{"taxonomy":"post_tag","embeddable":true,"href":"https:\/\/linitiative.ca\/International\/wp-json\/wp\/v2\/tags?post=84054"}],"curies":[{"name":"wp","href":"https:\/\/api.w.org\/{rel}","templated":true}]}}