{"id":84055,"date":"2020-05-01T15:00:00","date_gmt":"2020-05-01T19:00:00","guid":{"rendered":"https:\/\/linitiative.ca\/International\/collectivites-locales-taxe-sur-les-logements-vacants\/"},"modified":"2020-05-01T15:00:00","modified_gmt":"2020-05-01T19:00:00","slug":"collectivites-locales-taxe-sur-les-logements-vacants","status":"publish","type":"post","link":"https:\/\/linitiative.ca\/International\/collectivites-locales-taxe-sur-les-logements-vacants\/","title":{"rendered":"Collectivit\u00e9s locales : Taxe sur les logements vacants"},"content":{"rendered":"<p><strong>Le ministre de l\u2019Int\u00e9rieur, des Collectivit\u00e9s locales et de l\u2019Am\u00e9nagement du territoire, Kamel Beldjoud, a annonc\u00e9, avant-hier, l\u2019\u00e9ventualit\u00e9 d\u2019imposer une taxe sur les logements vacants (TLV), soulignant que la question de garantir des logements aux citoyens figurait parmi les priorit\u00e9s des autorit\u00e9s publiques.<\/strong><\/p>\n<blockquote readability=\"8\">\n<p><span class=\"c5\"><em><strong>\u00ab\u00a0Nous envisageons actuellement la possibilit\u00e9 d\u2019imposer une taxe sur les logements vacants qui n\u2019ont pas \u00e9t\u00e9 propos\u00e9s pour location par leurs propri\u00e9taires\u00a0\u00bb, a d\u00e9clar\u00e9 le ministre lors d\u2019une pl\u00e9ni\u00e8re \u00e0 l\u2019Assembl\u00e9e populaire nationale (APN) consacr\u00e9e aux questions orales.<\/strong><\/em><\/span><\/p>\n<\/blockquote>\n<p>Il a aussi indiqu\u00e9 qu\u2019en d\u00e9pit de la situation financi\u00e8re difficile que traverse le pays, la question d\u2019assurer un logement d\u00e9cent au citoyen demeure parmi les plus grandes priorit\u00e9s des autorit\u00e9s publiques.<\/p>\n<p>Soulignant l\u2019imp\u00e9ratif d\u2019\u00e9laborer un recensement global des logements vacants \u00e0 travers le pays, M.\u00a0Beldjoud a pr\u00e9cis\u00e9 qu\u2019il est difficile de prendre des mesures \u00e0 l\u2019encontre de celui qui poss\u00e8de un acte de propri\u00e9t\u00e9 de logement, d\u2019o\u00f9 la possibilit\u00e9 d\u2019imposer une taxe. Le ministre de l\u2019Int\u00e9rieur a rappel\u00e9 la nouvelle formule dite logement locatif qui demeure la solution idoine pour \u00e9liminer la crise du logement.<\/p>\n<p>Ainsi, l\u2019imposition de cet imp\u00f4t local, rentre dans le cadre de l\u2019orientation de l\u2019Etat vers l\u2019\u00e9largissement de l\u2019assiette fiscale en obligeant les propri\u00e9taires de ces biens immobiliers soit de les louer ou de payer une taxe.<\/p>\n<p>Par ailleurs, M Beldjoud a fait \u00e9tat de la distribution, en 2019, de pas moins de 112.000 logements public locatif (LPL) \u00e0 travers le pays, contre pas moins de 298.600 logements entre 2016 et 2018, dont 67.000 pour \u00e9liminer l\u2019habitat pr\u00e9caire.<\/p>\n<p>Le budget consacr\u00e9 au programme de logement public locatif (LPL), enti\u00e8rement financ\u00e9 par le Tr\u00e9sor public depuis l\u2019an 2000, a atteint 43 Mds Da o\u00f9 un total de 1.270.000 logements a \u00e9t\u00e9 achev\u00e9, a pr\u00e9cis\u00e9 le ministre.<\/p>\n<p>Rappelant les diff\u00e9rentes formules de logements lanc\u00e9s par l\u2019Etat, le ministre de l\u2019Int\u00e9rieur a affirm\u00e9 que le programme restant \u00e0 r\u00e9aliser, jusqu\u2019\u00e0 fin 2019, a d\u00e9pass\u00e9 le seuil de 970.000 unit\u00e9s, dont plus de 640.000 sont en cours de r\u00e9alisation.<\/p>\n<p>R\u00e9pondant \u00e0 une question sur une proposition relative au transfert de la gestion des \u00e9coles primaires et des salles de soins aux minist\u00e8res de l\u2019Education et de la Sant\u00e9, M.\u00a0Beldjoud a pr\u00e9cis\u00e9 que le Fonds de solidarit\u00e9 des collectivit\u00e9s locales a consacr\u00e9 une enveloppe de 35 Mds Da entre 2017 et 2019 permettant le r\u00e9am\u00e9nagement, la restauration et l\u2019\u00e9quipement de plus de 18.000 \u00e9coles.<\/p>\n<p>Concernant les salles de soins dans la wilaya de Jijel, le ministre a fait \u00e9tat de 67 op\u00e9rations d\u2019\u00e9quipement et de restauration dans les diff\u00e9rents programmes de d\u00e9veloppement permettant l\u2019ouverture de 24 salles \u00e0 ladite wilaya. Il a r\u00e9it\u00e9r\u00e9, dans ce sens, \u00ab\u00a0l\u2019engagement de l\u2019Etat \u00e0 \u00e9radiquer les zones d\u2019ombre \u00e0 travers tout le territoire national en vue de l\u2019am\u00e9lioration des conditions des citoyens dans tous les domaines\u00a0\u00bb. Un d\u00e9fi qui demeure tr\u00e8s difficile \u00e0 relever dans la conjoncture actuelle, selon les observateurs qui voient que les r\u00e9percussions de la crise \u00e9conomique , frappant de plein fouet le pays,<\/p>\n<p>se font s\u00e9rieusement sentir dans tous les secteurs. Ils appr\u00e9hendent m\u00eame un risque d\u2019aggravation de la situation au vu de la crise sanitaire qui s\u00e9vit dans le monde depuis des mois causant des dizaines milliers de morts par jours.<\/p>\n<p>Auteur: Boudjedri<br \/>\n<a href=\"http:\/\/www.jeune-independant.net\/Collectivites-locales-Taxe-sur-les.html\">Cliquez ici pour lire l&rsquo;article depuis sa source.<\/a><\/p>\n","protected":false},"excerpt":{"rendered":"<p>Le ministre de l\u2019Int\u00e9rieur, des Collectivit\u00e9s locales et de l\u2019Am\u00e9nagement du territoire, Kamel Beldjoud, a annonc\u00e9, avant-hier, l\u2019\u00e9ventualit\u00e9 d\u2019imposer une taxe sur les logements vacants (TLV), soulignant que la question de garantir des logements aux citoyens figurait parmi les priorit\u00e9s des autorit\u00e9s publiques. \u00ab\u00a0Nous envisageons actuellement la possibilit\u00e9 d\u2019imposer une taxe sur les logements vacants [&hellip;]<\/p>\n","protected":false},"author":1737,"featured_media":0,"comment_status":"closed","ping_status":"closed","sticky":false,"template":"","format":"standard","meta":{"fifu_image_url":"","fifu_image_alt":"","footnotes":""},"categories":[73,53],"tags":[],"class_list":["post-84055","post","type-post","status-publish","format-standard","hentry","category-actualite","category-algerie"],"_links":{"self":[{"href":"https:\/\/linitiative.ca\/International\/wp-json\/wp\/v2\/posts\/84055","targetHints":{"allow":["GET"]}}],"collection":[{"href":"https:\/\/linitiative.ca\/International\/wp-json\/wp\/v2\/posts"}],"about":[{"href":"https:\/\/linitiative.ca\/International\/wp-json\/wp\/v2\/types\/post"}],"author":[{"embeddable":true,"href":"https:\/\/linitiative.ca\/International\/wp-json\/wp\/v2\/users\/1737"}],"replies":[{"embeddable":true,"href":"https:\/\/linitiative.ca\/International\/wp-json\/wp\/v2\/comments?post=84055"}],"version-history":[{"count":0,"href":"https:\/\/linitiative.ca\/International\/wp-json\/wp\/v2\/posts\/84055\/revisions"}],"wp:attachment":[{"href":"https:\/\/linitiative.ca\/International\/wp-json\/wp\/v2\/media?parent=84055"}],"wp:term":[{"taxonomy":"category","embeddable":true,"href":"https:\/\/linitiative.ca\/International\/wp-json\/wp\/v2\/categories?post=84055"},{"taxonomy":"post_tag","embeddable":true,"href":"https:\/\/linitiative.ca\/International\/wp-json\/wp\/v2\/tags?post=84055"}],"curies":[{"name":"wp","href":"https:\/\/api.w.org\/{rel}","templated":true}]}}