{"id":84071,"date":"2020-05-02T15:55:54","date_gmt":"2020-05-02T19:55:54","guid":{"rendered":"https:\/\/linitiative.ca\/International\/tanger-med-continuite-des-operations-dans-la-plateforme-industrielle\/"},"modified":"2020-05-02T15:55:54","modified_gmt":"2020-05-02T19:55:54","slug":"tanger-med-continuite-des-operations-dans-la-plateforme-industrielle","status":"publish","type":"post","link":"https:\/\/linitiative.ca\/International\/tanger-med-continuite-des-operations-dans-la-plateforme-industrielle\/","title":{"rendered":"Tanger Med : Continuit\u00e9 des op\u00e9rations dans la plateforme industrielle"},"content":{"rendered":"<p><strong>Malgr\u00e9 la crise due au Covid-19, la plateforme industrielle de Tanger Med est op\u00e9rationnelle, que ce soit au niveau des secteurs li\u00e9s aux domaines pharmaceutiques, des \u00e9nergies renouvelables, de l\u2019a\u00e9ronautique, de l\u2019automobile, de la plasturgie, ou de l\u2019agroalimentaire, ou encore des emballages et des services.<\/strong><\/p>\n<div class=\"c10\"\/>\n<p>Si \u00e0 Tanger Med l\u2019activit\u00e9 commerciale au sein du port suit son rythme habituel, il en est de m\u00eame pour sa plateforme industrielle. Le p\u00f4le industriel est op\u00e9rationnel afin de continuellement soutenir les activit\u00e9s d\u2019import-export des entreprises inter-nationales et nationales situ\u00e9es au sein de ses 6 zones d\u2019activit\u00e9. C\u2019est le cas des secteurs relatifs aux domaines pharmaceutiques, des \u00e9nergies renouvelables, de l\u2019a\u00e9ronautique, de l\u2019automobile, de la plasturgie, de l\u2019agroalimentaire, des emballages et des services, qui continuent de travailler de mani\u00e8re normale, en accordance avec les mesures de s\u00e9curit\u00e9s sanitaires pr\u00e9conis\u00e9es par le Minist\u00e8re de la Sant\u00e9 et l\u2019OMS. \u00abLe plan de continuit\u00e9 des activit\u00e9s a \u00e9t\u00e9 ex\u00e9cut\u00e9 de mani\u00e8re efficace et organis\u00e9e pour mettre \u00e0 la disposition des collaborateurs, partenaires et clients industriels l\u2019ensemble des informations n\u00e9cessaires pendant cette p\u00e9riode, ainsi que tous les \u00e9quipements de protection indispensables\u00bb, selon Ilham Khalil, directrice de Tanger Free Zone, qui pr\u00e9cise que les administrations restent actives et que la gestion des flux \u00e0 l\u2019import comme \u00e0 l\u2019export est optimis\u00e9e pour r\u00e9pondre \u00e0 la demande continue des op\u00e9rateurs industriels.<\/p>\n<p><strong>Lisez la suite dans la version PDF gratuite de votre magazine Challenge en cliquant sur le lien suivant:\u00a0<\/strong><br \/>https:\/\/emag.challenge.ma\/741\/mobile\/index.html<\/p>\n<p><img decoding=\"async\" src=\"https:\/\/www.challenge.ma\/wp-content\/uploads\/2020\/05\/lire-challenge-741.jpg\" alt=\"\" class=\"wp-image-139130\" srcset=\"https:\/\/www.challenge.ma\/wp-content\/uploads\/2020\/05\/lire-challenge-741.jpg 300w, https:\/\/www.challenge.ma\/wp-content\/uploads\/2020\/05\/lire-challenge-741-199x300.jpg 199w\" sizes=\"(max-width: 300px) 100vw, 300px\"\/><\/p>\n<div class=\"c17\">\n<fieldset class=\"c16\">\n<legend><strong><span class=\"c11\">Challenge<\/span><span class=\"c12\">news<\/span><\/strong><\/legend>\n<div class=\"c15\">Le meilleur de Challenge s\u00e9lectionn\u00e9 par la r\u00e9daction :<\/p>\n<\/div>\n<\/fieldset>\n<\/div>\n<p>Auteur: Adama Sylla<br \/>\n<a href=\"https:\/\/www.challenge.ma\/tanger-med-continuite-des-operations-dans-la-plateforme-industrielle-2-139217\/\">Cliquez ici pour lire l&rsquo;article depuis sa source.<\/a><\/p>\n","protected":false},"excerpt":{"rendered":"<p>Malgr\u00e9 la crise due au Covid-19, la plateforme industrielle de Tanger Med est op\u00e9rationnelle, que ce soit au niveau des secteurs li\u00e9s aux domaines pharmaceutiques, des \u00e9nergies renouvelables, de l\u2019a\u00e9ronautique, de l\u2019automobile, de la plasturgie, ou de l\u2019agroalimentaire, ou encore des emballages et des services. Si \u00e0 Tanger Med l\u2019activit\u00e9 commerciale au sein du port [&hellip;]<\/p>\n","protected":false},"author":1787,"featured_media":0,"comment_status":"closed","ping_status":"closed","sticky":false,"template":"","format":"standard","meta":{"fifu_image_url":"","fifu_image_alt":"","footnotes":""},"categories":[78,54],"tags":[],"class_list":["post-84071","post","type-post","status-publish","format-standard","hentry","category-economie","category-maroc"],"_links":{"self":[{"href":"https:\/\/linitiative.ca\/International\/wp-json\/wp\/v2\/posts\/84071","targetHints":{"allow":["GET"]}}],"collection":[{"href":"https:\/\/linitiative.ca\/International\/wp-json\/wp\/v2\/posts"}],"about":[{"href":"https:\/\/linitiative.ca\/International\/wp-json\/wp\/v2\/types\/post"}],"author":[{"embeddable":true,"href":"https:\/\/linitiative.ca\/International\/wp-json\/wp\/v2\/users\/1787"}],"replies":[{"embeddable":true,"href":"https:\/\/linitiative.ca\/International\/wp-json\/wp\/v2\/comments?post=84071"}],"version-history":[{"count":0,"href":"https:\/\/linitiative.ca\/International\/wp-json\/wp\/v2\/posts\/84071\/revisions"}],"wp:attachment":[{"href":"https:\/\/linitiative.ca\/International\/wp-json\/wp\/v2\/media?parent=84071"}],"wp:term":[{"taxonomy":"category","embeddable":true,"href":"https:\/\/linitiative.ca\/International\/wp-json\/wp\/v2\/categories?post=84071"},{"taxonomy":"post_tag","embeddable":true,"href":"https:\/\/linitiative.ca\/International\/wp-json\/wp\/v2\/tags?post=84071"}],"curies":[{"name":"wp","href":"https:\/\/api.w.org\/{rel}","templated":true}]}}