{"id":84072,"date":"2020-05-02T15:57:12","date_gmt":"2020-05-02T19:57:12","guid":{"rendered":"https:\/\/linitiative.ca\/International\/jonathan-le-henry-la-croissance-par-les-operations-un-nouveau-modele-de-creation-de-valeur\/"},"modified":"2020-05-02T15:57:12","modified_gmt":"2020-05-02T19:57:12","slug":"jonathan-le-henry-la-croissance-par-les-operations-un-nouveau-modele-de-creation-de-valeur","status":"publish","type":"post","link":"https:\/\/linitiative.ca\/International\/jonathan-le-henry-la-croissance-par-les-operations-un-nouveau-modele-de-creation-de-valeur\/","title":{"rendered":"Jonathan Le Henry : \u00abLa croissance par les op\u00e9rations, un nouveau mod\u00e8le de cr\u00e9ation de valeur\u00bb"},"content":{"rendered":"<p><strong>La crise sanitaire li\u00e9e au Covid-19 et le con\ufb01nement n\u00e9cessaire qui en a d\u00e9coul\u00e9, ont consid\u00e9rablement impact\u00e9 l\u2019activit\u00e9 \u00e9conomique de nombreuses entreprises dans le Royaume. En attendant la phase de \u00abd\u00e9con\ufb01nement\u00bb qui pourrait intervenir en mai prochain, les dirigeants d\u2019entreprises travaillent en coulisses sur la meilleure strat\u00e9gie \u00e0 adopter pour relancer leurs activit\u00e9s. L\u2019occasion pour Jonathan Le Henry, directeur chez Strategy&amp; au Maroc, l\u2019entit\u00e9 de conseil en strat\u00e9gie du groupe PwC, d\u2019apporter son \u00e9clairage sur cette crise sans pr\u00e9c\u00e9dent \u00e0 l\u2019attention des op\u00e9rateurs. Il met l\u2019accent \u00e0 travers cet entretien sur le th\u00e8me de \u00abla croissance par les op\u00e9rations\u00bb et plaide pour le d\u00e9veloppement, post-crise, d\u2019un nouveau mod\u00e8le de cr\u00e9ation de valeur.<\/strong><\/p>\n<div class=\"c10\"\/>\n<p><strong>Challenge :<\/strong> Les r\u00e9percussions relatives \u00e0 la crise sanitaire sont d\u2019ores et d\u00e9j\u00e0 importantes pour les entreprises, tant au niveau humain, social, que sur le plan \u00e9conomique. Quelle lecture faites-vous \u00e0 ce jour de la situation ?<\/p>\n<p><strong>Jonathan Le Henry :<\/strong> La brutalit\u00e9 de la crise \u00e9conomique que nous traversons tient en premier lieu \u00e0 sa dimension syst\u00e9mique. De fa\u00e7on quasi concomitante, nos \u00e9conomies ont \u00e9t\u00e9 touch\u00e9es sur tous les fronts : chute de la consommation, arr\u00eat des lignes de production, explosion du ch\u00f4mage, sans compter les impacts soci\u00e9taux et la transformation de nos modes de vies impos\u00e9s par le confinement. Face \u00e0 l\u2019incertitude, de nombreux articles parus dans la presse et autres interventions t\u00e9l\u00e9vis\u00e9es de sp\u00e9cialistes du secteur \u00e9conomique sont venus rythmer notre confinement avec, en trame de fond, deux questions r\u00e9currentes, l\u2019une li\u00e9e \u00e0 l\u2019impact de la crise sur l\u2019activit\u00e9 de nos entre-prises et l\u2019autre consistant \u00e0 savoir quand allions-nous retrouver un niveau d\u2019activit\u00e9 proche de celui d\u2019avant crise. Bien que l\u00e9gitimes, ces questions n\u2019abordent pas pour autant le sujet essentiel du mod\u00e8le \u00e9conomique que nous choisirons pour \u00able jour d\u2019apr\u00e8s\u00bb. Penser pouvoir sortir de la crise sans r\u00e9pondre au pr\u00e9alable \u00e0 cet enjeu est une vue de l\u2019esprit, tant la crise interroge pr\u00e9cis\u00e9ment les m\u00e9canismes qui sous-tendent le fonctionnement de nos \u00e9conomies et de nos entreprises. Justement, quels devraient \u00eatre les nouveaux r\u00e9flexes des chefs d\u2019entreprises dans leur gestion post Covid-19 ?<\/p>\n<p>Dans la p\u00e9riode actuelle, trois imp\u00e9ratifs majeurs doivent \u00eatre consid\u00e9r\u00e9s par les chefs d\u2019entre-prise : tout d\u2019abord, le fait de ne pas tomber dans l\u2019\u00e9cueil de la pr\u00e9cipitation et de prendre la pleine mesure de la crise. Par ailleurs, il est crucial de faire \u00abdes op\u00e9rations\u00bb un levier de relance \u00e9conomique et de croissance durable. J\u2019y reviendrai au cours de cet entretien. Enfin, il faut pouvoir se recentrer sur des \u00abcomp\u00e9tences diff\u00e9rentiantes\u00bb pour amorcer sa strat\u00e9gie de relance.<\/p>\n<p><strong>Lisez la suite dans la version PDF gratuite de votre magazine Challenge en cliquant sur le lien suivant:\u00a0<\/strong><br \/>https:\/\/emag.challenge.ma\/741\/mobile\/index.html<\/p>\n<p><img decoding=\"async\" src=\"https:\/\/www.challenge.ma\/wp-content\/uploads\/2020\/05\/magazine-enligne-challenge-741.png\" alt=\"\" class=\"wp-image-139145\" srcset=\"https:\/\/www.challenge.ma\/wp-content\/uploads\/2020\/05\/magazine-enligne-challenge-741.png 300w, https:\/\/www.challenge.ma\/wp-content\/uploads\/2020\/05\/magazine-enligne-challenge-741-172x300.png 172w\" sizes=\"(max-width: 300px) 100vw, 300px\"\/><\/p>\n<div class=\"c17\">\n<fieldset class=\"c16\">\n<legend><strong><span class=\"c11\">Challenge<\/span><span class=\"c12\">news<\/span><\/strong><\/legend>\n<div class=\"c15\">Le meilleur de Challenge s\u00e9lectionn\u00e9 par la r\u00e9daction :<\/p>\n<\/div>\n<\/fieldset>\n<\/div>\n<p>Auteur: David J\u00e9r\u00e9mie<br \/>\n<a href=\"https:\/\/www.challenge.ma\/jonathan-le-henry-la-croissance-par-les-operations-un-nouveau-modele-de-creation-de-valeur-139222\/\">Cliquez ici pour lire l&rsquo;article depuis sa source.<\/a><\/p>\n","protected":false},"excerpt":{"rendered":"<p>La crise sanitaire li\u00e9e au Covid-19 et le con\ufb01nement n\u00e9cessaire qui en a d\u00e9coul\u00e9, ont consid\u00e9rablement impact\u00e9 l\u2019activit\u00e9 \u00e9conomique de nombreuses entreprises dans le Royaume. En attendant la phase de \u00abd\u00e9con\ufb01nement\u00bb qui pourrait intervenir en mai prochain, les dirigeants d\u2019entreprises travaillent en coulisses sur la meilleure strat\u00e9gie \u00e0 adopter pour relancer leurs activit\u00e9s. L\u2019occasion pour [&hellip;]<\/p>\n","protected":false},"author":1787,"featured_media":0,"comment_status":"closed","ping_status":"closed","sticky":false,"template":"","format":"standard","meta":{"fifu_image_url":"","fifu_image_alt":"","footnotes":""},"categories":[78,54],"tags":[],"class_list":["post-84072","post","type-post","status-publish","format-standard","hentry","category-economie","category-maroc"],"_links":{"self":[{"href":"https:\/\/linitiative.ca\/International\/wp-json\/wp\/v2\/posts\/84072","targetHints":{"allow":["GET"]}}],"collection":[{"href":"https:\/\/linitiative.ca\/International\/wp-json\/wp\/v2\/posts"}],"about":[{"href":"https:\/\/linitiative.ca\/International\/wp-json\/wp\/v2\/types\/post"}],"author":[{"embeddable":true,"href":"https:\/\/linitiative.ca\/International\/wp-json\/wp\/v2\/users\/1787"}],"replies":[{"embeddable":true,"href":"https:\/\/linitiative.ca\/International\/wp-json\/wp\/v2\/comments?post=84072"}],"version-history":[{"count":0,"href":"https:\/\/linitiative.ca\/International\/wp-json\/wp\/v2\/posts\/84072\/revisions"}],"wp:attachment":[{"href":"https:\/\/linitiative.ca\/International\/wp-json\/wp\/v2\/media?parent=84072"}],"wp:term":[{"taxonomy":"category","embeddable":true,"href":"https:\/\/linitiative.ca\/International\/wp-json\/wp\/v2\/categories?post=84072"},{"taxonomy":"post_tag","embeddable":true,"href":"https:\/\/linitiative.ca\/International\/wp-json\/wp\/v2\/tags?post=84072"}],"curies":[{"name":"wp","href":"https:\/\/api.w.org\/{rel}","templated":true}]}}