{"id":84077,"date":"2020-05-02T16:16:22","date_gmt":"2020-05-02T20:16:22","guid":{"rendered":"https:\/\/linitiative.ca\/International\/football-juan-carlos-garrido-allume-letoile-du-sahel\/"},"modified":"2020-05-02T16:16:22","modified_gmt":"2020-05-02T20:16:22","slug":"football-juan-carlos-garrido-allume-letoile-du-sahel","status":"publish","type":"post","link":"https:\/\/linitiative.ca\/International\/football-juan-carlos-garrido-allume-letoile-du-sahel\/","title":{"rendered":"Football : Juan Carlos Garrido allume l\u2019Etoile du Sahel"},"content":{"rendered":"<div class=\"post-cont-in left relative\">\n<div class=\"heateor_sss_sharing_container heateor_sss_horizontal_sharing\" heateor-sss-data-href=\"https:\/\/sport.tunisienumerique.com\/football-juan-carlos-garrido-allume-letoile-du-sahel\/\">\n<div class=\"heateor_sss_sharing_title c4\">Cet article vous a \u00e9t\u00e9 utile? Partagez le, il int\u00e9ressera d\u2019autres personnes. Merci!<\/div>\n<ul class=\"heateor_sss_sharing_ul\">\n<li class=\"heateorSssSharingRound\"><em alt=\"Facebook\" title=\"Facebook\" class=\"heateorSssSharing heateorSssFacebookBackground c5\" onclick=\"heateorSssPopup(&quot;https:\/\/www.facebook.com\/sharer\/sharer.php?u=https%3A%2F%2Fsport.tunisienumerique.com%2Ffootball-juan-carlos-garrido-allume-letoile-du-sahel%2F%3Ffbclid%3DIwAR142EtJmnoZ6s4sfjiRRxDi88E4VsGNB9kB4T-9sdNas2utaMSh_aWCQ_s&quot;)\">\u00a0<\/em><\/li>\n<li class=\"heateorSssSharingRound\"><em alt=\"Twitter\" title=\"Twitter\" class=\"heateorSssSharing heateorSssTwitterBackground c5\" onclick=\"heateorSssPopup(&quot;http:\/\/twitter.com\/intent\/tweet?text=Football%20%3A%20Juan%20Carlos%20Garrido%20allume%20l%27Etoile%20du%20Sahel&amp;url=https%3A%2F%2Fsport.tunisienumerique.com%2Ffootball-juan-carlos-garrido-allume-letoile-du-sahel%2F%3Ffbclid%3DIwAR142EtJmnoZ6s4sfjiRRxDi88E4VsGNB9kB4T-9sdNas2utaMSh_aWCQ_s&quot;)\">\u00a0<\/em><\/li>\n<li class=\"heateorSssSharingRound\"><em alt=\"Linkedin\" title=\"Linkedin\" class=\"heateorSssSharing heateorSssLinkedinBackground c5\" onclick=\"heateorSssPopup(&quot;http:\/\/www.linkedin.com\/shareArticle?mini=true&amp;url=https%3A%2F%2Fsport.tunisienumerique.com%2Ffootball-juan-carlos-garrido-allume-letoile-du-sahel%2F%3Ffbclid%3DIwAR142EtJmnoZ6s4sfjiRRxDi88E4VsGNB9kB4T-9sdNas2utaMSh_aWCQ_s&amp;title=Football%20%3A%20Juan%20Carlos%20Garrido%20allume%20l%27Etoile%20du%20Sahel&quot;)\">\u00a0<\/em><\/li>\n<li class=\"heateorSssSharingRound\"><em alt=\"Google Gmail\" title=\"Google Gmail\" class=\"heateorSssSharing heateorSssGoogleGmailBackground c5\" onclick=\"heateorSssPopup(&quot;https:\/\/mail.google.com\/mail\/?ui=2&amp;view=cm&amp;fs=1&amp;tf=1&amp;su=Football%20%3A%20Juan%20Carlos%20Garrido%20allume%20l%27Etoile%20du%20Sahel&amp;body=Link:https%3A%2F%2Fsport.tunisienumerique.com%2Ffootball-juan-carlos-garrido-allume-letoile-du-sahel%2F%3Ffbclid%3DIwAR142EtJmnoZ6s4sfjiRRxDi88E4VsGNB9kB4T-9sdNas2utaMSh_aWCQ_s&quot;)\">\u00a0<\/em><\/li>\n<li class=\"heateorSssSharingRound\"><em alt=\"Whatsapp\" title=\"Whatsapp\" class=\"heateorSssSharing heateorSssWhatsappBackground c5\"><a href=\"https:\/\/api.whatsapp.com\/send?text=Football%20%3A%20Juan%20Carlos%20Garrido%20allume%20l%27Etoile%20du%20Sahel%20https%3A%2F%2Fsport.tunisienumerique.com%2Ffootball-juan-carlos-garrido-allume-letoile-du-sahel%2F%3Ffbclid%3DIwAR142EtJmnoZ6s4sfjiRRxDi88E4VsGNB9kB4T-9sdNas2utaMSh_aWCQ_s\" rel=\"nofollow noopener noreferrer\" target=\"_blank\">\u00a0<\/a><\/em><\/li>\n<li class=\"heateorSssSharingRound\">\u00a0<\/li>\n<\/ul>\n<\/div>\n<p dir=\"ltr\">L\u2019ancien entra\u00eeneur espagnol de l\u2019Etoile Sportive du Sahel, Juan Carlos Garrido, est revenu sur son exp\u00e9rience avec la formation \u00c9toil\u00e9e.<\/p>\n<p dir=\"ltr\">Dans une d\u00e9claration accord\u00e9e au site espagnol de AS, le coach a estim\u00e9 que la d\u00e9cision de prendre les manettes de l\u2019ESS n\u2019avait pas \u00e9t\u00e9 \u00e9tudi\u00e9e. Garrido a not\u00e9 qu\u2019il assure toute sa responsabilit\u00e9 concernant son choix vu qu\u2019il ne connaissait pas les probl\u00e8mes de l\u2019\u00e9quipe, notamment sur le plan financier.<\/p>\n<div class=\"code-block code-block-1 c7\"><ins class=\"adsbygoogle c6\" data-ad-layout=\"in-article\" data-ad-format=\"fluid\" data-ad-client=\"ca-pub-2102118777505746\" data-ad-slot=\"7301775417\"\/> <\/div>\n<p dir=\"ltr\">L\u2019ancien entra\u00eeneur d\u2019Al Ahly a d\u00e9j\u00e0 attaqu\u00e9 le club \u00e0 plusieurs reprises depuis son d\u00e9part le 8 f\u00e9vrier 2020.<\/p>\n<p dir=\"ltr\">L\u2019actuel tacticien du Wydad de Casablanca a r\u00e9v\u00e9l\u00e9 qu\u2019il r\u00eave de remporter la Ligue des Champions d\u2019Afrique cette saison avec le WAC. Il s\u2019est dit vivement heureux \u00e0 Casablanca gr\u00e2ce \u00e0 l\u2019ambiance des supporters du club qui semble au Real Madrid et au FC Barcelone, selon lui.<\/p>\n<p><\/p>\n<div class=\"heateor_sss_sharing_container heateor_sss_horizontal_sharing\" heateor-sss-data-href=\"https:\/\/sport.tunisienumerique.com\/football-juan-carlos-garrido-allume-letoile-du-sahel\/\">\n<div class=\"heateor_sss_sharing_title c4\">Cet article vous a \u00e9t\u00e9 utile? Partagez le, il int\u00e9ressera d\u2019autres personnes. Merci!<\/div>\n<ul class=\"heateor_sss_sharing_ul\">\n<li class=\"heateorSssSharingRound\"><em alt=\"Facebook\" title=\"Facebook\" class=\"heateorSssSharing heateorSssFacebookBackground c5\" onclick=\"heateorSssPopup(&quot;https:\/\/www.facebook.com\/sharer\/sharer.php?u=https%3A%2F%2Fsport.tunisienumerique.com%2Ffootball-juan-carlos-garrido-allume-letoile-du-sahel%2F%3Ffbclid%3DIwAR142EtJmnoZ6s4sfjiRRxDi88E4VsGNB9kB4T-9sdNas2utaMSh_aWCQ_s&quot;)\">\u00a0<\/em><\/li>\n<li class=\"heateorSssSharingRound\"><em alt=\"Twitter\" title=\"Twitter\" class=\"heateorSssSharing heateorSssTwitterBackground c5\" onclick=\"heateorSssPopup(&quot;http:\/\/twitter.com\/intent\/tweet?text=Football%20%3A%20Juan%20Carlos%20Garrido%20allume%20l%27Etoile%20du%20Sahel&amp;url=https%3A%2F%2Fsport.tunisienumerique.com%2Ffootball-juan-carlos-garrido-allume-letoile-du-sahel%2F%3Ffbclid%3DIwAR142EtJmnoZ6s4sfjiRRxDi88E4VsGNB9kB4T-9sdNas2utaMSh_aWCQ_s&quot;)\">\u00a0<\/em><\/li>\n<li class=\"heateorSssSharingRound\"><em alt=\"Linkedin\" title=\"Linkedin\" class=\"heateorSssSharing heateorSssLinkedinBackground c5\" onclick=\"heateorSssPopup(&quot;http:\/\/www.linkedin.com\/shareArticle?mini=true&amp;url=https%3A%2F%2Fsport.tunisienumerique.com%2Ffootball-juan-carlos-garrido-allume-letoile-du-sahel%2F%3Ffbclid%3DIwAR142EtJmnoZ6s4sfjiRRxDi88E4VsGNB9kB4T-9sdNas2utaMSh_aWCQ_s&amp;title=Football%20%3A%20Juan%20Carlos%20Garrido%20allume%20l%27Etoile%20du%20Sahel&quot;)\">\u00a0<\/em><\/li>\n<li class=\"heateorSssSharingRound\"><em alt=\"Google Gmail\" title=\"Google Gmail\" class=\"heateorSssSharing heateorSssGoogleGmailBackground c5\" onclick=\"heateorSssPopup(&quot;https:\/\/mail.google.com\/mail\/?ui=2&amp;view=cm&amp;fs=1&amp;tf=1&amp;su=Football%20%3A%20Juan%20Carlos%20Garrido%20allume%20l%27Etoile%20du%20Sahel&amp;body=Link:https%3A%2F%2Fsport.tunisienumerique.com%2Ffootball-juan-carlos-garrido-allume-letoile-du-sahel%2F%3Ffbclid%3DIwAR142EtJmnoZ6s4sfjiRRxDi88E4VsGNB9kB4T-9sdNas2utaMSh_aWCQ_s&quot;)\">\u00a0<\/em><\/li>\n<li class=\"heateorSssSharingRound\"><em alt=\"Whatsapp\" title=\"Whatsapp\" class=\"heateorSssSharing heateorSssWhatsappBackground c5\"><a href=\"https:\/\/api.whatsapp.com\/send?text=Football%20%3A%20Juan%20Carlos%20Garrido%20allume%20l%27Etoile%20du%20Sahel%20https%3A%2F%2Fsport.tunisienumerique.com%2Ffootball-juan-carlos-garrido-allume-letoile-du-sahel%2F%3Ffbclid%3DIwAR142EtJmnoZ6s4sfjiRRxDi88E4VsGNB9kB4T-9sdNas2utaMSh_aWCQ_s\" rel=\"nofollow noopener noreferrer\" target=\"_blank\">\u00a0<\/a><\/em><\/li>\n<li class=\"heateorSssSharingRound\">\u00a0<\/li>\n<\/ul>\n<\/div>\n<div class=\"mvp-org-wrap mvp-org-logo\" itemprop=\"publisher\" itemscope=\"\" itemtype=\"https:\/\/schema.org\/Organization\"><img decoding=\"async\" src=\"https:\/\/sport.tunisienumerique.com\/wp-content\/uploads\/2017\/05\/logo_tunisie_numerique.png\"\/><\/div>\n<div class=\"mvp-related-posts left relative\">\n<h4 class=\"post-header\"><span class=\"post-header\">Lire aussi<\/span><\/h4>\n<\/div>\n<div id=\"article-ad\"><ins class=\"adsbygoogle c8\" data-ad-client=\"ca-pub-2102118777505746\" data-ad-slot=\"6513972734\" data-ad-format=\"auto\" data-full-width-responsive=\"true\"\/> <\/div>\n<\/div>\n<div id=\"post-sidebar-wrap\"><ins class=\"adsbygoogle c8\" data-ad-client=\"ca-pub-2102118777505746\" data-ad-slot=\"6513972734\" data-ad-format=\"auto\" data-full-width-responsive=\"true\"\/> <\/div>\n<p>Auteur:<br \/>\n<a href=\"https:\/\/sport.tunisienumerique.com\/football-juan-carlos-garrido-allume-letoile-du-sahel\/\">Cliquez ici pour lire l&rsquo;article depuis sa source.<\/a><\/p>\n","protected":false},"excerpt":{"rendered":"<p>Cet article vous a \u00e9t\u00e9 utile? Partagez le, il int\u00e9ressera d\u2019autres personnes. Merci! \u00a0 \u00a0 \u00a0 \u00a0 \u00a0 \u00a0 L\u2019ancien entra\u00eeneur espagnol de l\u2019Etoile Sportive du Sahel, Juan Carlos Garrido, est revenu sur son exp\u00e9rience avec la formation \u00c9toil\u00e9e. Dans une d\u00e9claration accord\u00e9e au site espagnol de AS, le coach a estim\u00e9 que la d\u00e9cision [&hellip;]<\/p>\n","protected":false},"author":1789,"featured_media":0,"comment_status":"closed","ping_status":"closed","sticky":false,"template":"","format":"standard","meta":{"fifu_image_url":"","fifu_image_alt":"","footnotes":""},"categories":[73,55],"tags":[],"class_list":["post-84077","post","type-post","status-publish","format-standard","hentry","category-actualite","category-tunisie"],"_links":{"self":[{"href":"https:\/\/linitiative.ca\/International\/wp-json\/wp\/v2\/posts\/84077","targetHints":{"allow":["GET"]}}],"collection":[{"href":"https:\/\/linitiative.ca\/International\/wp-json\/wp\/v2\/posts"}],"about":[{"href":"https:\/\/linitiative.ca\/International\/wp-json\/wp\/v2\/types\/post"}],"author":[{"embeddable":true,"href":"https:\/\/linitiative.ca\/International\/wp-json\/wp\/v2\/users\/1789"}],"replies":[{"embeddable":true,"href":"https:\/\/linitiative.ca\/International\/wp-json\/wp\/v2\/comments?post=84077"}],"version-history":[{"count":0,"href":"https:\/\/linitiative.ca\/International\/wp-json\/wp\/v2\/posts\/84077\/revisions"}],"wp:attachment":[{"href":"https:\/\/linitiative.ca\/International\/wp-json\/wp\/v2\/media?parent=84077"}],"wp:term":[{"taxonomy":"category","embeddable":true,"href":"https:\/\/linitiative.ca\/International\/wp-json\/wp\/v2\/categories?post=84077"},{"taxonomy":"post_tag","embeddable":true,"href":"https:\/\/linitiative.ca\/International\/wp-json\/wp\/v2\/tags?post=84077"}],"curies":[{"name":"wp","href":"https:\/\/api.w.org\/{rel}","templated":true}]}}