{"id":84079,"date":"2020-05-02T16:35:40","date_gmt":"2020-05-02T20:35:40","guid":{"rendered":"https:\/\/linitiative.ca\/International\/tunisie-la-pharmacie-centrale-a-commence-a-ravitailler-les-officines-en-masques-de-protection-jetables\/"},"modified":"2020-05-02T16:35:40","modified_gmt":"2020-05-02T20:35:40","slug":"tunisie-la-pharmacie-centrale-a-commence-a-ravitailler-les-officines-en-masques-de-protection-jetables","status":"publish","type":"post","link":"https:\/\/linitiative.ca\/International\/tunisie-la-pharmacie-centrale-a-commence-a-ravitailler-les-officines-en-masques-de-protection-jetables\/","title":{"rendered":"Tunisie \u2013 La pharmacie centrale a commenc\u00e9 \u00e0 ravitailler les officines en masques de protection jetables"},"content":{"rendered":"<div class=\"post-cont-in left relative\">\n<p>Le ministre de la sant\u00e9, Abdellatif Makki, a annonc\u00e9, ce samedi, que la pharmacie centrale de Tunisie a commenc\u00e9, aujourd\u2019hui, \u00e0 ravitailler les officines en masques de protection \u00e0 usage unique.<\/p>\n<div class=\"code-block code-block-1 c3\"><ins class=\"adsbygoogle c2\" data-ad-layout=\"in-article\" data-ad-format=\"fluid\" data-ad-client=\"ca-pub-2102118777505746\" data-ad-slot=\"7301775417\"\/> <\/div>\n<p>Le ministre n\u2019a pas \u00e9cart\u00e9 la possibilit\u00e9 de demander aux diff\u00e9rentes officines d\u2019ouvrir, demain, dimanche, et de ne pas se contenter des pharmacies de garde. Et ce pour permettre \u00e0 tout le monde de se ravitailler sans bousculade devant de rares officines, et ce en pr\u00e9vision du d\u00e9but du confinement cibl\u00e9, \u00e0 partir de lundi, et pour lequel le port de masque sera obligatoire.<\/p>\n<div class=\"swp_social_panel swp_horizontal_panel swp_flat_fresh swp_default_full_color swp_individual_full_color swp_other_full_color scale-100 scale-\" data-min-width=\"1100\" data-float-color=\"#ffffff\" data-float=\"bottom\" data-float-mobile=\"bottom\" data-transition=\"slide\">\n<div class=\"nc_tweetContainer swp_share_button total_shares total_sharesalt\"><span class=\"swp_count\">1 <span class=\"swp_label\">Partages<\/span><\/span><\/div>\n<\/div>\n<p><strong>Que se passe-t-il en Tunisie?<\/strong><br \/>Nous expliquons sur notre <a href=\"https:\/\/www.youtube.com\/channel\/UCRzypVq0B_yBad5eGrwBx0Q?sub_confirmation=1\" target=\"_blank\" rel=\"noopener noreferrer\">cha\u00eene YouTube<\/a> . <a href=\"https:\/\/www.youtube.com\/channel\/UCRzypVq0B_yBad5eGrwBx0Q?sub_confirmation=1\" target=\"_blank\" rel=\"noopener noreferrer\">Abonnez-vous!<\/a><\/p>\n<div class=\"mvp-org-wrap mvp-org-logo\" itemprop=\"publisher\" itemscope=\"\" itemtype=\"https:\/\/schema.org\/Organization\"><img decoding=\"async\" src=\"https:\/\/www.tunisienumerique.com\/wp-content\/uploads\/2017\/02\/logo_tunisie_numerique.png\"\/><\/div>\n<div class=\"mvp-related-posts left relative\">\n<h4 class=\"post-header\"><span class=\"post-header\">Lire aussi<\/span><\/h4>\n<\/div>\n<div id=\"article-ad\"><ins class=\"adsbygoogle c4\" data-ad-client=\"ca-pub-2102118777505746\" data-ad-slot=\"6513972734\" data-ad-format=\"auto\" data-full-width-responsive=\"true\"\/> <\/div>\n<\/div>\n<div id=\"post-sidebar-wrap\"><ins class=\"adsbygoogle c4\" data-ad-client=\"ca-pub-2102118777505746\" data-ad-slot=\"6168283410\" data-ad-format=\"auto\" data-full-width-responsive=\"true\"\/> <\/div>\n<p>Auteur: LM<br \/>\n<a href=\"https:\/\/www.tunisienumerique.com\/tunisie-la-pharmacie-centrale-a-commence-a-ravitailler-les-officines-en-masques-de-protection-jetables\/\">Cliquez ici pour lire l&rsquo;article depuis sa source.<\/a><\/p>\n","protected":false},"excerpt":{"rendered":"<p>Le ministre de la sant\u00e9, Abdellatif Makki, a annonc\u00e9, ce samedi, que la pharmacie centrale de Tunisie a commenc\u00e9, aujourd\u2019hui, \u00e0 ravitailler les officines en masques de protection \u00e0 usage unique. Le ministre n\u2019a pas \u00e9cart\u00e9 la possibilit\u00e9 de demander aux diff\u00e9rentes officines d\u2019ouvrir, demain, dimanche, et de ne pas se contenter des pharmacies de [&hellip;]<\/p>\n","protected":false},"author":1789,"featured_media":0,"comment_status":"closed","ping_status":"closed","sticky":false,"template":"","format":"standard","meta":{"fifu_image_url":"","fifu_image_alt":"","footnotes":""},"categories":[73,55],"tags":[],"class_list":["post-84079","post","type-post","status-publish","format-standard","hentry","category-actualite","category-tunisie"],"_links":{"self":[{"href":"https:\/\/linitiative.ca\/International\/wp-json\/wp\/v2\/posts\/84079","targetHints":{"allow":["GET"]}}],"collection":[{"href":"https:\/\/linitiative.ca\/International\/wp-json\/wp\/v2\/posts"}],"about":[{"href":"https:\/\/linitiative.ca\/International\/wp-json\/wp\/v2\/types\/post"}],"author":[{"embeddable":true,"href":"https:\/\/linitiative.ca\/International\/wp-json\/wp\/v2\/users\/1789"}],"replies":[{"embeddable":true,"href":"https:\/\/linitiative.ca\/International\/wp-json\/wp\/v2\/comments?post=84079"}],"version-history":[{"count":0,"href":"https:\/\/linitiative.ca\/International\/wp-json\/wp\/v2\/posts\/84079\/revisions"}],"wp:attachment":[{"href":"https:\/\/linitiative.ca\/International\/wp-json\/wp\/v2\/media?parent=84079"}],"wp:term":[{"taxonomy":"category","embeddable":true,"href":"https:\/\/linitiative.ca\/International\/wp-json\/wp\/v2\/categories?post=84079"},{"taxonomy":"post_tag","embeddable":true,"href":"https:\/\/linitiative.ca\/International\/wp-json\/wp\/v2\/tags?post=84079"}],"curies":[{"name":"wp","href":"https:\/\/api.w.org\/{rel}","templated":true}]}}