{"id":84091,"date":"2020-05-03T06:06:54","date_gmt":"2020-05-03T10:06:54","guid":{"rendered":"https:\/\/linitiative.ca\/International\/le-tunisien-et-le-coronavirus-vague-5-linquietude-baisse\/"},"modified":"2020-05-03T06:06:54","modified_gmt":"2020-05-03T10:06:54","slug":"le-tunisien-et-le-coronavirus-vague-5-linquietude-baisse","status":"publish","type":"post","link":"https:\/\/linitiative.ca\/International\/le-tunisien-et-le-coronavirus-vague-5-linquietude-baisse\/","title":{"rendered":"Le Tunisien et le coronavirus- Vague 5 : L\u2019inqui\u00e9tude baisse"},"content":{"rendered":"<div class=\"post-cont-in left relative\">\n<p><a href=\"http:\/\/www.tunisia-survey.com\/\"><strong>Tunisia Survey<\/strong><\/a>, sp\u00e9cialiste des \u00e9tudes digitales, vient de d\u00e9voiler les r\u00e9sultats de sa cinqui\u00e8me vague d\u2019enqu\u00eate en ligne sur le Tunisien et le\u00a0<a href=\"https:\/\/www.tunisienumerique.com\/tunisie-actualite\/coronavirus\/\" title=\"Coronavirus\" target=\"_top\" class=\"auto-link\" rel=\"noopener noreferrer\">Coronavirus<\/a>.<\/p>\n<div class=\"code-block code-block-1 c3\"><ins class=\"adsbygoogle c2\" data-ad-layout=\"in-article\" data-ad-format=\"fluid\" data-ad-client=\"ca-pub-2102118777505746\" data-ad-slot=\"7301775417\"\/> <\/div>\n<p>Cette enqu\u00eate en ligne auto-administr\u00e9e a pour objectif d\u2019\u00e9tudier comment le tunisien per\u00e7oit la situation actuelle ainsi que le r\u00f4le jou\u00e9 par l\u2019Etat dans la lutte contre le coronavirus. La vague 5 de l\u2019enqu\u00eate a \u00e9t\u00e9 r\u00e9alis\u00e9e du 27 Avril au 02 Mai 2020 touchant 2061 r\u00e9pondants.<\/p>\n<p>Rappelons que<strong>\u00a0<\/strong><a href=\"https:\/\/www.tunisienumerique.com\/le-tunisien-et-le-coronavirus-vague-4-des-tunisiens-toujours-preoccupes\/\"><strong>la vague 4\u00a0<\/strong><\/a>a \u00e9t\u00e9 r\u00e9alis\u00e9e entre le 09 et le 13 Avril.<\/p>\n<p>Il ressort de cette cinqui\u00e8me vague men\u00e9e par\u00a0<a href=\"http:\/\/www.tunisia-survey.com\/\"><strong>Tunisia Survey<\/strong><\/a>\u00a0que les Tunisiens sont moins inquiets face \u00e0 la situation comparativement aux vagues pr\u00e9c\u00e9dentes.<\/p>\n<p>En effet, 59% des personnes interrog\u00e9es estiment que la Tunisie est menac\u00e9e par l\u2019\u00e9pid\u00e9mie de coronavirus. Rappelons qu\u2019ils \u00e9taient 78% \u00e0 se d\u00e9clarer inquiets lors de <a href=\"https:\/\/www.tunisienumerique.com\/le-tunisien-et-le-coronavirus-vague-4-des-tunisiens-toujours-preoccupes\/\"><strong>la vague 4<\/strong><\/a> contre <strong>\u00a0<\/strong>83% durant\u00a0<a href=\"https:\/\/www.tunisienumerique.com\/enquete-le-tunisien-et-le-coronavirus-entre-inquietude-et-confinement-sanitaire\/\"><strong>la troisi\u00e8me vague<\/strong><\/a>, 75% durant <a href=\"https:\/\/www.tunisienumerique.com\/enquete-le-tunisien-et-le-coronavirus-linquietude-prend-de-lampleur\/\"><strong>la deuxi\u00e8me vague<\/strong><\/a> et 66% durant la premi\u00e8re semaine (vague 1 de l\u2019enqu\u00eate).<\/p>\n<p><img loading=\"lazy\" decoding=\"async\" class=\"alignnone size-full wp-image-519032\" src=\"https:\/\/www.tunisienumerique.com\/wp-content\/uploads\/2020\/05\/Diapositive1-2.jpg\" alt=\"\" width=\"960\" height=\"540\" srcset=\"https:\/\/www.tunisienumerique.com\/wp-content\/uploads\/2020\/05\/Diapositive1-2.jpg 960w, https:\/\/www.tunisienumerique.com\/wp-content\/uploads\/2020\/05\/Diapositive1-2-768x432.jpg 768w\" sizes=\"auto, (max-width: 960px) 100vw, 960px\"\/><\/p>\n<p>61% des r\u00e9pondants pensent que l\u2019\u00c9tat n\u2019est pr\u00e9par\u00e9 face au coronavirus, pour le d\u00e9pistage (rep\u00e9rage) des cas \u00e0 risque\u00a0contre 57% lors de la quatri\u00e8me vague.<\/p>\n<p><img loading=\"lazy\" decoding=\"async\" class=\"alignnone size-full wp-image-519033\" src=\"https:\/\/www.tunisienumerique.com\/wp-content\/uploads\/2020\/05\/Diapositive2-2.jpg\" alt=\"\" width=\"960\" height=\"540\" srcset=\"https:\/\/www.tunisienumerique.com\/wp-content\/uploads\/2020\/05\/Diapositive2-2.jpg 960w, https:\/\/www.tunisienumerique.com\/wp-content\/uploads\/2020\/05\/Diapositive2-2-768x432.jpg 768w\" sizes=\"auto, (max-width: 960px) 100vw, 960px\"\/><\/p>\n<p>La majorit\u00e9 des r\u00e9pondants se consid\u00e8rent conscients et bien inform\u00e9s \u00e0 propos de l\u2019\u00e9pid\u00e9mie :<\/p>\n<ul>\n<li>90% disent qu\u2019ils connaissent les mesures de pr\u00e9vention \u00e0 prendre.<\/li>\n<li>79% disent qu\u2019ils savent comment agir face \u00e0 un cas suspect.<\/li>\n<\/ul>\n<p><img loading=\"lazy\" decoding=\"async\" class=\"alignnone size-full wp-image-519034\" src=\"https:\/\/www.tunisienumerique.com\/wp-content\/uploads\/2020\/05\/Diapositive3-2.jpg\" alt=\"\" width=\"960\" height=\"540\" srcset=\"https:\/\/www.tunisienumerique.com\/wp-content\/uploads\/2020\/05\/Diapositive3-2.jpg 960w, https:\/\/www.tunisienumerique.com\/wp-content\/uploads\/2020\/05\/Diapositive3-2-768x432.jpg 768w\" sizes=\"auto, (max-width: 960px) 100vw, 960px\"\/><\/p>\n<p>54% des personnes interrog\u00e9es continuent \u00e0 penser que la Tunisie n\u2019est pas pr\u00eate pour affronter le coronavirus.<\/p>\n<p><img loading=\"lazy\" decoding=\"async\" class=\"alignnone size-full wp-image-519045\" src=\"https:\/\/www.tunisienumerique.com\/wp-content\/uploads\/2020\/05\/Diapositive5-4.jpg\" alt=\"\" width=\"960\" height=\"540\" srcset=\"https:\/\/www.tunisienumerique.com\/wp-content\/uploads\/2020\/05\/Diapositive5-4.jpg 960w, https:\/\/www.tunisienumerique.com\/wp-content\/uploads\/2020\/05\/Diapositive5-4-768x432.jpg 768w\" sizes=\"auto, (max-width: 960px) 100vw, 960px\"\/><\/p>\n<p>Arriv\u00e9s \u00e0 la fin du confinement sanitaire g\u00e9n\u00e9ral, la majorit\u00e9 des r\u00e9pondants (82%) continuent de penser que le confinement est une solution efficace pour lutter contre le coronavirus.<\/p>\n<p><img loading=\"lazy\" decoding=\"async\" class=\"alignnone size-full wp-image-519041\" src=\"https:\/\/www.tunisienumerique.com\/wp-content\/uploads\/2020\/05\/Diapositive4-4.jpg\" alt=\"\" width=\"960\" height=\"540\" srcset=\"https:\/\/www.tunisienumerique.com\/wp-content\/uploads\/2020\/05\/Diapositive4-4.jpg 960w, https:\/\/www.tunisienumerique.com\/wp-content\/uploads\/2020\/05\/Diapositive4-4-768x432.jpg 768w\" sizes=\"auto, (max-width: 960px) 100vw, 960px\"\/><\/p>\n<p>Le passage \u00e0 un confinement cibl\u00e9 devrait \u00eatre effectu\u00e9 en 3 temps. Le d\u00e9but de la premi\u00e8re \u00e9tape du d\u00e9confinement graduel est pr\u00e9vu pour le 04 Mai.<\/p>\n<p>L\u2019analyse compl\u00e8te peut \u00eatre demand\u00e9e sur le site web :\u00a0 <a href=\"http:\/\/www.tunisia-survey.com\">www.tunisia-survey.com<\/a><\/p>\n<div class=\"swp_social_panel swp_horizontal_panel swp_flat_fresh swp_default_full_color swp_individual_full_color swp_other_full_color scale-100 scale-\" data-min-width=\"1100\" data-float-color=\"#ffffff\" data-float=\"bottom\" data-float-mobile=\"bottom\" data-transition=\"slide\">\n<div class=\"nc_tweetContainer swp_share_button total_shares total_sharesalt\"><span class=\"swp_count\">3 <span class=\"swp_label\">Partages<\/span><\/span><\/div>\n<\/div>\n<p><strong>Que se passe-t-il en Tunisie?<\/strong><br \/>Nous expliquons sur notre <a href=\"https:\/\/www.youtube.com\/channel\/UCRzypVq0B_yBad5eGrwBx0Q?sub_confirmation=1\" target=\"_blank\" rel=\"noopener noreferrer\">cha\u00eene YouTube<\/a> . <a href=\"https:\/\/www.youtube.com\/channel\/UCRzypVq0B_yBad5eGrwBx0Q?sub_confirmation=1\" target=\"_blank\" rel=\"noopener noreferrer\">Abonnez-vous!<\/a><\/p>\n<div class=\"mvp-org-wrap mvp-org-logo\" itemprop=\"publisher\" itemscope=\"\" itemtype=\"https:\/\/schema.org\/Organization\"><img decoding=\"async\" src=\"https:\/\/www.tunisienumerique.com\/wp-content\/uploads\/2017\/02\/logo_tunisie_numerique.png\"\/><\/div>\n<div class=\"post-tags\"><span class=\"post-tags-header\">Sujets Connexes:<\/span><\/div>\n<div id=\"article-ad\"><ins class=\"adsbygoogle c4\" data-ad-client=\"ca-pub-2102118777505746\" data-ad-slot=\"6513972734\" data-ad-format=\"auto\" data-full-width-responsive=\"true\"\/> <\/div>\n<\/div>\n<div id=\"post-sidebar-wrap\"><ins class=\"adsbygoogle c4\" data-ad-client=\"ca-pub-2102118777505746\" data-ad-slot=\"6168283410\" data-ad-format=\"auto\" data-full-width-responsive=\"true\"\/> <\/div>\n<p>Auteur: w k<br \/>\n<a href=\"https:\/\/www.tunisienumerique.com\/le-tunisien-et-le-coronavirus-vague-5-linquietude-baisse\/\">Cliquez ici pour lire l&rsquo;article depuis sa source.<\/a><\/p>\n","protected":false},"excerpt":{"rendered":"<p>Tunisia Survey, sp\u00e9cialiste des \u00e9tudes digitales, vient de d\u00e9voiler les r\u00e9sultats de sa cinqui\u00e8me vague d\u2019enqu\u00eate en ligne sur le Tunisien et le\u00a0Coronavirus. Cette enqu\u00eate en ligne auto-administr\u00e9e a pour objectif d\u2019\u00e9tudier comment le tunisien per\u00e7oit la situation actuelle ainsi que le r\u00f4le jou\u00e9 par l\u2019Etat dans la lutte contre le coronavirus. La vague 5 [&hellip;]<\/p>\n","protected":false},"author":1789,"featured_media":0,"comment_status":"closed","ping_status":"closed","sticky":false,"template":"","format":"standard","meta":{"fifu_image_url":"","fifu_image_alt":"","footnotes":""},"categories":[73,55],"tags":[],"class_list":["post-84091","post","type-post","status-publish","format-standard","hentry","category-actualite","category-tunisie"],"_links":{"self":[{"href":"https:\/\/linitiative.ca\/International\/wp-json\/wp\/v2\/posts\/84091","targetHints":{"allow":["GET"]}}],"collection":[{"href":"https:\/\/linitiative.ca\/International\/wp-json\/wp\/v2\/posts"}],"about":[{"href":"https:\/\/linitiative.ca\/International\/wp-json\/wp\/v2\/types\/post"}],"author":[{"embeddable":true,"href":"https:\/\/linitiative.ca\/International\/wp-json\/wp\/v2\/users\/1789"}],"replies":[{"embeddable":true,"href":"https:\/\/linitiative.ca\/International\/wp-json\/wp\/v2\/comments?post=84091"}],"version-history":[{"count":0,"href":"https:\/\/linitiative.ca\/International\/wp-json\/wp\/v2\/posts\/84091\/revisions"}],"wp:attachment":[{"href":"https:\/\/linitiative.ca\/International\/wp-json\/wp\/v2\/media?parent=84091"}],"wp:term":[{"taxonomy":"category","embeddable":true,"href":"https:\/\/linitiative.ca\/International\/wp-json\/wp\/v2\/categories?post=84091"},{"taxonomy":"post_tag","embeddable":true,"href":"https:\/\/linitiative.ca\/International\/wp-json\/wp\/v2\/tags?post=84091"}],"curies":[{"name":"wp","href":"https:\/\/api.w.org\/{rel}","templated":true}]}}