{"id":84092,"date":"2020-05-03T06:14:37","date_gmt":"2020-05-03T10:14:37","guid":{"rendered":"https:\/\/linitiative.ca\/International\/tunisie-lugtt-deplore-que-500-employes-de-trois-entreprises-de-la-zone-industrielle-de-ksar-said-soient-sans-salaires\/"},"modified":"2020-05-03T06:14:37","modified_gmt":"2020-05-03T10:14:37","slug":"tunisie-lugtt-deplore-que-500-employes-de-trois-entreprises-de-la-zone-industrielle-de-ksar-said-soient-sans-salaires","status":"publish","type":"post","link":"https:\/\/linitiative.ca\/International\/tunisie-lugtt-deplore-que-500-employes-de-trois-entreprises-de-la-zone-industrielle-de-ksar-said-soient-sans-salaires\/","title":{"rendered":"Tunisie: L\u2019UGTT d\u00e9plore que 500 employ\u00e9s de trois entreprises de la zone industrielle de Ksar Sa\u00efd, soient sans salaires"},"content":{"rendered":"<div class=\"post-cont-in left relative\">\n<p>L\u2019Union g\u00e9n\u00e9rale tunisienne du travail (<a href=\"https:\/\/www.tunisienumerique.com\/tunisie-actualite\/UGTT\/\" title=\"UGTT\" target=\"_top\" class=\"auto-link\" rel=\"noopener noreferrer\">UGTT<\/a>) a affirm\u00e9 que 500 travailleurs de trois \u00e9tablissements industriels de la zone industrielle de Ksar Sa\u00efd \u00e0 la Manouba, principalement actifs dans le secteur textile, se sont retrouv\u00e9s sans salaire, certains pour le mois de mars et d\u2019autres pour le mois d\u2019avril, selon les donn\u00e9es de la Commission de r\u00e9conciliation r\u00e9gionale du gouvernorat de la Manouba.<\/p>\n<div class=\"code-block code-block-1 c3\"><ins class=\"adsbygoogle c2\" data-ad-layout=\"in-article\" data-ad-format=\"fluid\" data-ad-client=\"ca-pub-2102118777505746\" data-ad-slot=\"7301775417\"\/> <\/div>\n<p>L\u2019Union r\u00e9gion du travail \u00e0 la Manouba a demand\u00e9 de mettre en \u0153uvre l\u2019accord du 14 avril 2020 avec l\u2019Union tunisienne de l\u2019industrie et du commerce (UTICA) et le minist\u00e8re des Affaires sociales relatif \u00e0 la garantie des salaires du secteur priv\u00e9.<\/p>\n<p>Le secr\u00e9taire g\u00e9n\u00e9ral de l\u2019Union r\u00e9gionale du travail, Moustapha Medini, a soulign\u00e9 la n\u00e9cessit\u00e9 de conjuguer tous les efforts pour renforcer l\u2019esprit d\u2019appartenance des travailleurs \u00e0 leurs institutions, avec le payement de leurs salaires, notamment en cette p\u00e9riode difficile que traverse le pays.<\/p>\n<div class=\"swp_social_panel swp_horizontal_panel swp_flat_fresh swp_default_full_color swp_individual_full_color swp_other_full_color scale-100 scale-\" data-min-width=\"1100\" data-float-color=\"#ffffff\" data-float=\"bottom\" data-float-mobile=\"bottom\" data-transition=\"slide\">\n<div class=\"nc_tweetContainer swp_share_button total_shares total_sharesalt\"><span class=\"swp_count\">15 <span class=\"swp_label\">Partages<\/span><\/span><\/div>\n<\/div>\n<p><strong>Que se passe-t-il en Tunisie?<\/strong><br \/>Nous expliquons sur notre <a href=\"https:\/\/www.youtube.com\/channel\/UCRzypVq0B_yBad5eGrwBx0Q?sub_confirmation=1\" target=\"_blank\" rel=\"noopener noreferrer\">cha\u00eene YouTube<\/a> . <a href=\"https:\/\/www.youtube.com\/channel\/UCRzypVq0B_yBad5eGrwBx0Q?sub_confirmation=1\" target=\"_blank\" rel=\"noopener noreferrer\">Abonnez-vous!<\/a><\/p>\n<div class=\"mvp-org-wrap mvp-org-logo\" itemprop=\"publisher\" itemscope=\"\" itemtype=\"https:\/\/schema.org\/Organization\"><img decoding=\"async\" src=\"https:\/\/www.tunisienumerique.com\/wp-content\/uploads\/2017\/02\/logo_tunisie_numerique.png\"\/><\/div>\n<div class=\"mvp-related-posts left relative\">\n<h4 class=\"post-header\"><span class=\"post-header\">Lire aussi<\/span><\/h4>\n<\/div>\n<div id=\"article-ad\"><ins class=\"adsbygoogle c4\" data-ad-client=\"ca-pub-2102118777505746\" data-ad-slot=\"6513972734\" data-ad-format=\"auto\" data-full-width-responsive=\"true\"\/> <\/div>\n<\/div>\n<div id=\"post-sidebar-wrap\"><ins class=\"adsbygoogle c4\" data-ad-client=\"ca-pub-2102118777505746\" data-ad-slot=\"6168283410\" data-ad-format=\"auto\" data-full-width-responsive=\"true\"\/> <\/div>\n<p>Auteur: Mourad S<br \/>\n<a href=\"https:\/\/www.tunisienumerique.com\/tunisie-lugtt-deplore-que-500-employes-de-trois-entreprises-de-la-zone-industrielle-de-ksar-said-soient-sans-salaires\/\">Cliquez ici pour lire l&rsquo;article depuis sa source.<\/a><\/p>\n","protected":false},"excerpt":{"rendered":"<p>L\u2019Union g\u00e9n\u00e9rale tunisienne du travail (UGTT) a affirm\u00e9 que 500 travailleurs de trois \u00e9tablissements industriels de la zone industrielle de Ksar Sa\u00efd \u00e0 la Manouba, principalement actifs dans le secteur textile, se sont retrouv\u00e9s sans salaire, certains pour le mois de mars et d\u2019autres pour le mois d\u2019avril, selon les donn\u00e9es de la Commission de [&hellip;]<\/p>\n","protected":false},"author":1789,"featured_media":0,"comment_status":"closed","ping_status":"closed","sticky":false,"template":"","format":"standard","meta":{"fifu_image_url":"","fifu_image_alt":"","footnotes":""},"categories":[73,55],"tags":[],"class_list":["post-84092","post","type-post","status-publish","format-standard","hentry","category-actualite","category-tunisie"],"_links":{"self":[{"href":"https:\/\/linitiative.ca\/International\/wp-json\/wp\/v2\/posts\/84092","targetHints":{"allow":["GET"]}}],"collection":[{"href":"https:\/\/linitiative.ca\/International\/wp-json\/wp\/v2\/posts"}],"about":[{"href":"https:\/\/linitiative.ca\/International\/wp-json\/wp\/v2\/types\/post"}],"author":[{"embeddable":true,"href":"https:\/\/linitiative.ca\/International\/wp-json\/wp\/v2\/users\/1789"}],"replies":[{"embeddable":true,"href":"https:\/\/linitiative.ca\/International\/wp-json\/wp\/v2\/comments?post=84092"}],"version-history":[{"count":0,"href":"https:\/\/linitiative.ca\/International\/wp-json\/wp\/v2\/posts\/84092\/revisions"}],"wp:attachment":[{"href":"https:\/\/linitiative.ca\/International\/wp-json\/wp\/v2\/media?parent=84092"}],"wp:term":[{"taxonomy":"category","embeddable":true,"href":"https:\/\/linitiative.ca\/International\/wp-json\/wp\/v2\/categories?post=84092"},{"taxonomy":"post_tag","embeddable":true,"href":"https:\/\/linitiative.ca\/International\/wp-json\/wp\/v2\/tags?post=84092"}],"curies":[{"name":"wp","href":"https:\/\/api.w.org\/{rel}","templated":true}]}}