{"id":84093,"date":"2020-05-03T03:18:03","date_gmt":"2020-05-03T07:18:03","guid":{"rendered":"https:\/\/linitiative.ca\/International\/le-premier-ministre-ivoirien-a-paris-pour-un-controle-medical\/"},"modified":"2020-05-03T03:18:03","modified_gmt":"2020-05-03T07:18:03","slug":"le-premier-ministre-ivoirien-a-paris-pour-un-controle-medical","status":"publish","type":"post","link":"https:\/\/linitiative.ca\/International\/le-premier-ministre-ivoirien-a-paris-pour-un-controle-medical\/","title":{"rendered":"Le premier ministre ivoirien \u00e0 Paris pour un \u00abcontr\u00f4le m\u00e9dical\u00bb"},"content":{"rendered":"<div readability=\"32\">\n<p>Publi\u00e9 le 03.05.2020 \u00e0 08h18 par APA News<\/p>\n<\/div>\n<div readability=\"82\">\n<p>Le premier ministre ivoirien Amadou Gon Coulibaly s\u2019est rendu samedi \u00e0 Paris en France pour un \u00ab contr\u00f4le m\u00e9dical \u00bb, a appris APA aupr\u00e8s de la pr\u00e9sidence ivoirienne.L\u2019int\u00e9rim de M. Gon Coulibaly est assur\u00e9 par Hamed Bakayoko, ministre d\u2019\u00c9tat, ministre de la d\u00e9fense, pr\u00e9cise un \u00a0communiqu\u00e9 de l\u2019ex\u00e9cutif ivoirien sign\u00e9 par Patrick Achi, le secr\u00e9taire g\u00e9n\u00e9ral de la pr\u00e9sidence de la R\u00e9publique.\u00a0<\/p>\n<p>Le 24 mars dernier, le premier ministre ivoirien, \u00a0s\u2019\u00e9tait mis en quarantaine apr\u00e8s un contact avec une personne d\u00e9clar\u00e9e positive au Covid-19. Apr\u00e8s cet auto-confinement, la primature ivoirienne a annonc\u00e9 \u00e0 nouveau dans un communiqu\u00e9 le 30 mars dernier que le chef du gouvernement ivoirien a \u00e9t\u00e9 \u00a0test\u00e9 n\u00e9gatif \u00e0 deux reprises \u00e0 la maladie \u00e0 Coronavirus.\u00a0<\/p>\n<p>g\u00e9 de 61 ans, M. Gon Coulibaly, \u00a0qui est le premier ministre ivoirien depuis 2017, a \u00e9t\u00e9 d\u00e9sign\u00e9 comme candidat du Rassemblement des Houphou\u00ebtistes pour la d\u00e9mocratie et la paix ( RHDP, parti d\u2019Alassane Ouattara) \u00e0 la pr\u00e9sidentielle d\u2019octobre prochain.<\/p>\n<p>Le premier ministre ivoirien Amadou Gon Coulibaly s\u2019est rendu samedi \u00e0 Paris en France pour un \u00ab contr\u00f4le m\u00e9dical \u00bb, a appris APA aupr\u00e8s de la pr\u00e9sidence ivoirienne.L\u2019int\u00e9rim de M. Gon Coulibaly est assur\u00e9 par Hamed Bakayoko, ministre d\u2019\u00c9tat, ministre de la d\u00e9fense, pr\u00e9cise un \u00a0communiqu\u00e9 de l\u2019ex\u00e9cutif ivoirien sign\u00e9 par Patrick Achi, le secr\u00e9taire g\u00e9n\u00e9ral de la pr\u00e9sidence de la R\u00e9publique.\u00a0<\/p>\n<p>Le 24 mars dernier, le premier ministre ivoirien, \u00a0s\u2019\u00e9tait mis en quarantaine apr\u00e8s un contact avec une personne d\u00e9clar\u00e9e positive au Covid-19. Apr\u00e8s cet auto-confinement, la primature ivoirienne a annonc\u00e9 \u00e0 nouveau dans un communiqu\u00e9 le 30 mars dernier que le chef du gouvernement ivoirien a \u00e9t\u00e9 \u00a0test\u00e9 n\u00e9gatif \u00e0 deux reprises \u00e0 la maladie \u00e0 Coronavirus.\u00a0<\/p>\n<p>g\u00e9 de 61 ans, M. Gon Coulibaly, \u00a0qui est le premier ministre ivoirien depuis 2017, a \u00e9t\u00e9 d\u00e9sign\u00e9 comme candidat du Rassemblement des Houphou\u00ebtistes pour la d\u00e9mocratie et la paix ( RHDP, parti d\u2019Alassane Ouattara) \u00e0 la pr\u00e9sidentielle d\u2019octobre prochain.<\/p>\n<\/div>\n<p>Auteur: APA News<br \/>\n<a href=\"https:\/\/www.journalducameroun.com\/le-premier-ministre-ivoirien-a-paris-pour-un-controle-medical\/\">Cliquez ici pour lire l&rsquo;article depuis sa source.<\/a><\/p>\n","protected":false},"excerpt":{"rendered":"<p>Publi\u00e9 le 03.05.2020 \u00e0 08h18 par APA News Le premier ministre ivoirien Amadou Gon Coulibaly s\u2019est rendu samedi \u00e0 Paris en France pour un \u00ab contr\u00f4le m\u00e9dical \u00bb, a appris APA aupr\u00e8s de la pr\u00e9sidence ivoirienne.L\u2019int\u00e9rim de M. Gon Coulibaly est assur\u00e9 par Hamed Bakayoko, ministre d\u2019\u00c9tat, ministre de la d\u00e9fense, pr\u00e9cise un \u00a0communiqu\u00e9 de [&hellip;]<\/p>\n","protected":false},"author":1965,"featured_media":0,"comment_status":"closed","ping_status":"closed","sticky":false,"template":"","format":"standard","meta":{"fifu_image_url":"","fifu_image_alt":"","footnotes":""},"categories":[73,82],"tags":[],"class_list":["post-84093","post","type-post","status-publish","format-standard","hentry","category-actualite","category-cameroun"],"_links":{"self":[{"href":"https:\/\/linitiative.ca\/International\/wp-json\/wp\/v2\/posts\/84093","targetHints":{"allow":["GET"]}}],"collection":[{"href":"https:\/\/linitiative.ca\/International\/wp-json\/wp\/v2\/posts"}],"about":[{"href":"https:\/\/linitiative.ca\/International\/wp-json\/wp\/v2\/types\/post"}],"author":[{"embeddable":true,"href":"https:\/\/linitiative.ca\/International\/wp-json\/wp\/v2\/users\/1965"}],"replies":[{"embeddable":true,"href":"https:\/\/linitiative.ca\/International\/wp-json\/wp\/v2\/comments?post=84093"}],"version-history":[{"count":0,"href":"https:\/\/linitiative.ca\/International\/wp-json\/wp\/v2\/posts\/84093\/revisions"}],"wp:attachment":[{"href":"https:\/\/linitiative.ca\/International\/wp-json\/wp\/v2\/media?parent=84093"}],"wp:term":[{"taxonomy":"category","embeddable":true,"href":"https:\/\/linitiative.ca\/International\/wp-json\/wp\/v2\/categories?post=84093"},{"taxonomy":"post_tag","embeddable":true,"href":"https:\/\/linitiative.ca\/International\/wp-json\/wp\/v2\/tags?post=84093"}],"curies":[{"name":"wp","href":"https:\/\/api.w.org\/{rel}","templated":true}]}}