{"id":84094,"date":"2020-05-03T06:28:09","date_gmt":"2020-05-03T10:28:09","guid":{"rendered":"https:\/\/linitiative.ca\/International\/coronavirus-151-nouveaux-cas-et-168-guerisons-ce-dimanche-a-10h00\/"},"modified":"2020-05-03T06:28:09","modified_gmt":"2020-05-03T10:28:09","slug":"coronavirus-151-nouveaux-cas-et-168-guerisons-ce-dimanche-a-10h00","status":"publish","type":"post","link":"https:\/\/linitiative.ca\/International\/coronavirus-151-nouveaux-cas-et-168-guerisons-ce-dimanche-a-10h00\/","title":{"rendered":"Coronavirus : 151 nouveaux cas et 168 gu\u00e9risons ce dimanche \u00e0 10h00"},"content":{"rendered":"<p><strong>Au total, 151 nouveaux cas d\u2019infection au coronavirus ont \u00e9t\u00e9 enregistr\u00e9s au Maroc ce dimanche 3 mai \u00e0 10h00, portant \u00e0 4.880 le nombre total des cas de contamination.<\/strong><\/p>\n<div class=\"c10\"\/>\n<p>Le minist\u00e8re de la Sant\u00e9 vient d\u2019annoncer 151 nouveaux cas de Coronavirus au Maroc, ce dimanche 3 mai \u00e0 10h00, ce qui porte le bilan actuel \u00e0 4.880 cas depuis le d\u00e9but de l\u2019\u00e9pid\u00e9mie. Le nombre de patients gu\u00e9ris atteint 1.424, soit 168 nouvelles r\u00e9missions, alors que les d\u00e9c\u00e8s se chiffrent \u00e0 174 (+1).<\/p>\n<p>Par ailleurs, 40.961 tests ont \u00e9t\u00e9 effectu\u00e9s jusque-l\u00e0, dont 36.081 avaient un r\u00e9sultat n\u00e9gatif. Casablanca-Settat totalise 1261 cas et reste la r\u00e9gion la plus touch\u00e9e, devant Marrakech-Safi (1070), Tanger T\u00e9touan Al Hoceima (701), F\u00e8s-Mekn\u00e8s (614), Daraa-tafilalet\u00a0 (548), Rabat-Sal\u00e9-K\u00e9nitra (332), Oriental (175), Beni Mellal-Kh\u00e9nifra (83), Souss-Massa (51), Guelmim Oued Noun (39), La\u00e2youne-Sakia El Hamra (4) et Dakhla-Oued Ed Dahab (2).<\/p>\n<p>Lire aussi : <a href=\"https:\/\/www.challenge.ma\/ramadan-le-marche-publicitaire-flechit-severement-139312\/\">Ramadan : Le march\u00e9 publicitaire fl\u00e9chit s\u00e9v\u00e8rement<\/a><\/p>\n<div class=\"c17\">\n<fieldset class=\"c16\">\n<legend><strong><span class=\"c11\">Challenge<\/span><span class=\"c12\">news<\/span><\/strong><\/legend>\n<div class=\"c15\">Le meilleur de Challenge s\u00e9lectionn\u00e9 par la r\u00e9daction :<\/p>\n<\/div>\n<\/fieldset>\n<\/div>\n<p>Auteur: Adama Sylla<br \/>\n<a href=\"https:\/\/www.challenge.ma\/coronavirus-151-nouveaux-cas-et-168-guerisons-ce-dimanche-a-10h00-139315\/\">Cliquez ici pour lire l&rsquo;article depuis sa source.<\/a><\/p>\n","protected":false},"excerpt":{"rendered":"<p>Au total, 151 nouveaux cas d\u2019infection au coronavirus ont \u00e9t\u00e9 enregistr\u00e9s au Maroc ce dimanche 3 mai \u00e0 10h00, portant \u00e0 4.880 le nombre total des cas de contamination. Le minist\u00e8re de la Sant\u00e9 vient d\u2019annoncer 151 nouveaux cas de Coronavirus au Maroc, ce dimanche 3 mai \u00e0 10h00, ce qui porte le bilan actuel [&hellip;]<\/p>\n","protected":false},"author":1787,"featured_media":0,"comment_status":"closed","ping_status":"closed","sticky":false,"template":"","format":"standard","meta":{"fifu_image_url":"","fifu_image_alt":"","footnotes":""},"categories":[78,54],"tags":[],"class_list":["post-84094","post","type-post","status-publish","format-standard","hentry","category-economie","category-maroc"],"_links":{"self":[{"href":"https:\/\/linitiative.ca\/International\/wp-json\/wp\/v2\/posts\/84094","targetHints":{"allow":["GET"]}}],"collection":[{"href":"https:\/\/linitiative.ca\/International\/wp-json\/wp\/v2\/posts"}],"about":[{"href":"https:\/\/linitiative.ca\/International\/wp-json\/wp\/v2\/types\/post"}],"author":[{"embeddable":true,"href":"https:\/\/linitiative.ca\/International\/wp-json\/wp\/v2\/users\/1787"}],"replies":[{"embeddable":true,"href":"https:\/\/linitiative.ca\/International\/wp-json\/wp\/v2\/comments?post=84094"}],"version-history":[{"count":0,"href":"https:\/\/linitiative.ca\/International\/wp-json\/wp\/v2\/posts\/84094\/revisions"}],"wp:attachment":[{"href":"https:\/\/linitiative.ca\/International\/wp-json\/wp\/v2\/media?parent=84094"}],"wp:term":[{"taxonomy":"category","embeddable":true,"href":"https:\/\/linitiative.ca\/International\/wp-json\/wp\/v2\/categories?post=84094"},{"taxonomy":"post_tag","embeddable":true,"href":"https:\/\/linitiative.ca\/International\/wp-json\/wp\/v2\/tags?post=84094"}],"curies":[{"name":"wp","href":"https:\/\/api.w.org\/{rel}","templated":true}]}}