{"id":84096,"date":"2020-05-02T23:14:23","date_gmt":"2020-05-03T03:14:23","guid":{"rendered":"https:\/\/linitiative.ca\/International\/covid-19-quatre-nouvelles-guerisons-16-au-total\/"},"modified":"2020-05-02T23:14:23","modified_gmt":"2020-05-03T03:14:23","slug":"covid-19-quatre-nouvelles-guerisons-16-au-total","status":"publish","type":"post","link":"https:\/\/linitiative.ca\/International\/covid-19-quatre-nouvelles-guerisons-16-au-total\/","title":{"rendered":"Covid-19 : Quatre nouvelles gu\u00e9risons, 16 au total"},"content":{"rendered":"<div readability=\"35\">\n<p>Chichaoua \u2013 Quatre nouveaux patients compl\u00e8tement gu\u00e9ris du nouveau coronavirus (Covid-19) ont quitt\u00e9, samedi, l\u2019h\u00f4pital provincial Mohammed VI de Chichaoua.<\/p>\n<\/div>\n<div readability=\"70\">\n<p>Il s\u2019agit de trois hommes et d\u2019une femme, \u00e2g\u00e9s entre 11 et 39 ans, d\u00e9clar\u00e9s d\u00e9finitivement gu\u00e9ris, apr\u00e8s que les tests m\u00e9dicaux et cliniques se sont r\u00e9v\u00e9l\u00e9s n\u00e9gatifs.<\/p>\n<p>Ces 4 nouvelles r\u00e9missions portent \u00e0 16 le nombre total des patients gu\u00e9ris du Covid-19 au niveau de la province de Chichaoua.<\/p>\n<p>Selon la D\u00e9l\u00e9gation provinciale de la sant\u00e9, les 4 cas totalement r\u00e9tablis ont pass\u00e9 entre 14 et 20 jours d\u2019hospitalisation au pavillon du Covid-19 au sein de l\u2019h\u00f4pital provincial.<\/p>\n<p>L\u2019\u00e9tat de sant\u00e9 de ces patients \u00e9tait \u00ab\u00a0stable\u00a0\u00bb durant toute la p\u00e9riode de leur hospitalisation, a pr\u00e9cis\u00e9 la m\u00eame source, ajoutant qu\u2019ils ne souffraient d\u2019aucune complication ou maladie chronique et qu\u2019ils ont bien r\u00e9agi au protocole sanitaire adopt\u00e9 par le minist\u00e8re de la sant\u00e9.<\/p>\n<p>Et de souligner que les 4 cas gu\u00e9ris seront plac\u00e9s en isolement sanitaire pendant 14 jours dans l\u2019une des r\u00e9sidences d\u00e9di\u00e9es \u00e0 la convalescence dans la ville, conform\u00e9ment au protocole sanitaire en vigueur.<\/p>\n<p>La D\u00e9l\u00e9gation provinciale a attribu\u00e9 la hausse des cas de r\u00e9mission aux efforts constants des staffs m\u00e9dical, infirmier et administratif de l\u2019\u00e9tablissement hospitalier ainsi qu\u2019\u00e0 la contribution \u00ab\u00a0pr\u00e9cieuse\u00a0\u00bb de la pr\u00e9fecture de la province \u00e0 travers le suivi quotidien des cas.<\/p>\n<p>Ladite d\u00e9l\u00e9gation a, en outre, appel\u00e9 la population locale au respect strict des mesures de confinement sanitaire, notamment la distanciation sociale, le port obligatoire des masques de protection et la restriction des d\u00e9placements sauf dans les cas de n\u00e9cessit\u00e9 extr\u00eame, en vue d\u2019enrayer la propagation de la pand\u00e9mie.<\/p>\n<\/div>\n<p>Auteur: Meriem IGASS<br \/>\n<a href=\"http:\/\/www.mapmarrakech.ma\/fr\/covid-19-quatre-nouvelles-guerisons-16-au-total\/\">Cliquez ici pour lire l&rsquo;article depuis sa source.<\/a><\/p>\n","protected":false},"excerpt":{"rendered":"<p>Chichaoua \u2013 Quatre nouveaux patients compl\u00e8tement gu\u00e9ris du nouveau coronavirus (Covid-19) ont quitt\u00e9, samedi, l\u2019h\u00f4pital provincial Mohammed VI de Chichaoua. Il s\u2019agit de trois hommes et d\u2019une femme, \u00e2g\u00e9s entre 11 et 39 ans, d\u00e9clar\u00e9s d\u00e9finitivement gu\u00e9ris, apr\u00e8s que les tests m\u00e9dicaux et cliniques se sont r\u00e9v\u00e9l\u00e9s n\u00e9gatifs. Ces 4 nouvelles r\u00e9missions portent \u00e0 16 [&hellip;]<\/p>\n","protected":false},"author":1788,"featured_media":0,"comment_status":"closed","ping_status":"closed","sticky":false,"template":"","format":"standard","meta":{"fifu_image_url":"","fifu_image_alt":"","footnotes":""},"categories":[54,76],"tags":[],"class_list":["post-84096","post","type-post","status-publish","format-standard","hentry","category-maroc","category-regions"],"_links":{"self":[{"href":"https:\/\/linitiative.ca\/International\/wp-json\/wp\/v2\/posts\/84096","targetHints":{"allow":["GET"]}}],"collection":[{"href":"https:\/\/linitiative.ca\/International\/wp-json\/wp\/v2\/posts"}],"about":[{"href":"https:\/\/linitiative.ca\/International\/wp-json\/wp\/v2\/types\/post"}],"author":[{"embeddable":true,"href":"https:\/\/linitiative.ca\/International\/wp-json\/wp\/v2\/users\/1788"}],"replies":[{"embeddable":true,"href":"https:\/\/linitiative.ca\/International\/wp-json\/wp\/v2\/comments?post=84096"}],"version-history":[{"count":0,"href":"https:\/\/linitiative.ca\/International\/wp-json\/wp\/v2\/posts\/84096\/revisions"}],"wp:attachment":[{"href":"https:\/\/linitiative.ca\/International\/wp-json\/wp\/v2\/media?parent=84096"}],"wp:term":[{"taxonomy":"category","embeddable":true,"href":"https:\/\/linitiative.ca\/International\/wp-json\/wp\/v2\/categories?post=84096"},{"taxonomy":"post_tag","embeddable":true,"href":"https:\/\/linitiative.ca\/International\/wp-json\/wp\/v2\/tags?post=84096"}],"curies":[{"name":"wp","href":"https:\/\/api.w.org\/{rel}","templated":true}]}}