{"id":84099,"date":"2020-05-02T19:59:53","date_gmt":"2020-05-02T23:59:53","guid":{"rendered":"https:\/\/linitiative.ca\/International\/un-turc-pris-en-flagrant-delit-de-tentative-de-trafic-de-chira\/"},"modified":"2020-05-02T19:59:53","modified_gmt":"2020-05-02T23:59:53","slug":"un-turc-pris-en-flagrant-delit-de-tentative-de-trafic-de-chira","status":"publish","type":"post","link":"https:\/\/linitiative.ca\/International\/un-turc-pris-en-flagrant-delit-de-tentative-de-trafic-de-chira\/","title":{"rendered":"Un turc pris en flagrant d\u00e9lit de tentative de trafic de chira"},"content":{"rendered":"<div class=\"single-featured\"><img alt=\"\" data-src=\"http:\/\/www.mapoujda.ma\/map\/uploads\/2020\/05\/Arrestation-dun-individu-M750&#xD7;430-MAP-Archive.jpg\"\/><\/div>\n<div class=\"entry-content clearfix single-post-content\" readability=\"52\">\n<p class=\"c4\">La Brigade de la police judiciaire de Nador a ouvert samedi une enqu\u00eate judiciaire, sous la supervision du Parquet comp\u00e9tent, \u00e0 l\u2019encontre d\u2019un citoyen turc pris en flagrant d\u00e9lit de tentative de trafic de 230 kilogrammes de chira \u00e0 bord d\u2019un camion immatricul\u00e9 aux Pays-Bas, afin d\u2019\u00e9lucider l\u2019ensemble des actes criminels qui lui sont reproch\u00e9s.<\/p>\n<p class=\"c4\">Les \u00e9l\u00e9ments de la s\u00fbret\u00e9 nationale et les services des douanes op\u00e9rant au port de Nador ont interpell\u00e9 le suspect en flagrant d\u00e9lit de trafic de la drogue alors qu\u2019il s\u2019appr\u00eatait \u00e0 embarquer vers le port d\u2019Alm\u00e9ria, en Espagne, indique un communiqu\u00e9 de la Direction g\u00e9n\u00e9rale de la s\u00fbret\u00e9 nationale (DGSN).<\/p>\n<p class=\"c4\">Le mis en cause a \u00e9t\u00e9 plac\u00e9 en garde \u00e0 vue pour les besoins de l\u2019enqu\u00eate qui se d\u00e9roule sous la supervision du Parquet comp\u00e9tent en vue d\u2019\u00e9lucider les tenants et aboutissants de cette affaire, qui s\u2019inscrit dans le cadre des efforts d\u00e9ploy\u00e9s par les Services de la s\u00fbret\u00e9 nationale et de la Douane pour lutter contre le trafic international de drogues, selon la m\u00eame source.<\/p>\n<\/div>\n<p>Auteur: Soufiane ELAHMAR<br \/>\n<a href=\"http:\/\/www.mapoujda.ma\/fr\/un-turc-pris-en-flagrant-delit-de-tentative-de-trafic-de-chira\/\">Cliquez ici pour lire l&rsquo;article depuis sa source.<\/a><\/p>\n","protected":false},"excerpt":{"rendered":"<p>La Brigade de la police judiciaire de Nador a ouvert samedi une enqu\u00eate judiciaire, sous la supervision du Parquet comp\u00e9tent, \u00e0 l\u2019encontre d\u2019un citoyen turc pris en flagrant d\u00e9lit de tentative de trafic de 230 kilogrammes de chira \u00e0 bord d\u2019un camion immatricul\u00e9 aux Pays-Bas, afin d\u2019\u00e9lucider l\u2019ensemble des actes criminels qui lui sont reproch\u00e9s. [&hellip;]<\/p>\n","protected":false},"author":1788,"featured_media":0,"comment_status":"closed","ping_status":"closed","sticky":false,"template":"","format":"standard","meta":{"fifu_image_url":"","fifu_image_alt":"","footnotes":""},"categories":[54,76],"tags":[],"class_list":["post-84099","post","type-post","status-publish","format-standard","hentry","category-maroc","category-regions"],"_links":{"self":[{"href":"https:\/\/linitiative.ca\/International\/wp-json\/wp\/v2\/posts\/84099","targetHints":{"allow":["GET"]}}],"collection":[{"href":"https:\/\/linitiative.ca\/International\/wp-json\/wp\/v2\/posts"}],"about":[{"href":"https:\/\/linitiative.ca\/International\/wp-json\/wp\/v2\/types\/post"}],"author":[{"embeddable":true,"href":"https:\/\/linitiative.ca\/International\/wp-json\/wp\/v2\/users\/1788"}],"replies":[{"embeddable":true,"href":"https:\/\/linitiative.ca\/International\/wp-json\/wp\/v2\/comments?post=84099"}],"version-history":[{"count":0,"href":"https:\/\/linitiative.ca\/International\/wp-json\/wp\/v2\/posts\/84099\/revisions"}],"wp:attachment":[{"href":"https:\/\/linitiative.ca\/International\/wp-json\/wp\/v2\/media?parent=84099"}],"wp:term":[{"taxonomy":"category","embeddable":true,"href":"https:\/\/linitiative.ca\/International\/wp-json\/wp\/v2\/categories?post=84099"},{"taxonomy":"post_tag","embeddable":true,"href":"https:\/\/linitiative.ca\/International\/wp-json\/wp\/v2\/tags?post=84099"}],"curies":[{"name":"wp","href":"https:\/\/api.w.org\/{rel}","templated":true}]}}