{"id":84100,"date":"2020-05-02T23:26:14","date_gmt":"2020-05-03T03:26:14","guid":{"rendered":"https:\/\/linitiative.ca\/International\/secheresse-pres-de-200-mdh-au-profit-des-agriculteurs\/"},"modified":"2020-05-02T23:26:14","modified_gmt":"2020-05-03T03:26:14","slug":"secheresse-pres-de-200-mdh-au-profit-des-agriculteurs","status":"publish","type":"post","link":"https:\/\/linitiative.ca\/International\/secheresse-pres-de-200-mdh-au-profit-des-agriculteurs\/","title":{"rendered":"S\u00e9cheresse: Pr\u00e8s de 200 MDH au profit des agriculteurs"},"content":{"rendered":"<div readability=\"36\">\n<p>Bengu\u00e9rir (Province des Rehamna) \u2013 La Mutuelle Agricole Marocaine d\u2019Assurances (MAMDA) a vers\u00e9 pr\u00e8s de 200 millions de dirhams (MDH) au profit des agriculteurs des zones touch\u00e9es par la s\u00e9cheresse au niveau de la province des Rehamna, apprend-t-on aupr\u00e8s de la direction provinciale de l\u2019Agriculture \u00e0 Rehamna.<\/p>\n<\/div>\n<div readability=\"90\">\n<p>L\u2019op\u00e9ration de versement des indemnisations destin\u00e9es \u00e0 plus de 10.000 agriculteurs li\u00e9s par un contrat d\u2019assurance multirisque avec la MAMDA a \u00e9t\u00e9 lanc\u00e9e le 24 avril dernier, dans les diff\u00e9rentes zones de la province d\u00e9clar\u00e9es sinistr\u00e9es au titre de la campagne agricole 2019-2020.<\/p>\n<p>Dans une d\u00e9claration \u00e0 la MAP, le directeur provincial du minist\u00e8re de l\u2019Agriculture \u00e0 Rehamna, Abdelaziz A\u00eft Mbirik, a soulign\u00e9 que la superficie assur\u00e9e au niveau de la province est estim\u00e9e \u00e0 247.480 ha, au profit de 10.285 b\u00e9n\u00e9ficiaires, avec une enveloppe budg\u00e9taire de pr\u00e8s de 200 MDH.<\/p>\n<p>Cette saison agricole a \u00e9t\u00e9 marqu\u00e9e par des conditions climatiques difficiles, ce qui a lourdement impact\u00e9 la production des c\u00e9r\u00e9ales, a-t-il indiqu\u00e9, notant que les comit\u00e9s d\u2019expertise relevant de la direction ont d\u00e9clar\u00e9 que l\u2019ensemble des communes de cette province sont sinistr\u00e9es.<\/p>\n<p>Le lancement de l\u2019op\u00e9ration de indemnisations en avance de plus de deux mois sur le calendrier habituel s\u2019explique par le contexte difficile li\u00e9 \u00e0 la s\u00e9cheresse et aux r\u00e9percussions socio-\u00e9conomiques de la crise induite par le coronavirus, a-t-il fait savoir, relevant que des repr\u00e9sentants des services de la MAMDA se sont rendus dans plusieurs collectivit\u00e9s territoriales pour permettre aux b\u00e9n\u00e9ficiaires de recevoir leurs indemnit\u00e9s en leur \u00e9pargnant l\u2019effort de se d\u00e9placer et en leur \u00e9vitant toute promiscuit\u00e9, et ce afin d\u2019assurer la s\u00e9curit\u00e9 sanitaire des citoyens.<\/p>\n<p>L\u2019assurance multirisque est l\u2019une des mesures importantes adopt\u00e9es par l\u2019Etat pour soutenir les agriculteurs, notamment dans les zones semi-arides, a-t-il rappel\u00e9.<\/p>\n<p>La MAMDA avait annonc\u00e9 le d\u00e9ploiement avec deux mois d\u2019avance du dispositif d\u2019indemnisation pour pr\u00e9judice subi par les agriculteurs concern\u00e9s au titre de la campagne agricole 2019-2020, eu \u00e9gard au contexte particuli\u00e8rement difficile li\u00e9 au Covid-19, \u00e0 la s\u00e9cheresse et prenant en consid\u00e9ration l\u2019arriv\u00e9e du Ramadan.<\/p>\n<p>L\u2019indemnisation anticip\u00e9e des agriculteurs est possible gr\u00e2ce aux nombreux investissements r\u00e9alis\u00e9s par MAMDA dans la digitalisation de ses processus depuis plusieurs ann\u00e9es, notamment en mati\u00e8re de g\u00e9olocalisation des parcelles des agriculteurs assur\u00e9s et de r\u00e9alisation des expertises dont les rapports sont transmis via une application mobile d\u00e9di\u00e9e.<\/p>\n<p>Ainsi, les agriculteurs assur\u00e9s, op\u00e9rant dans les zones d\u00e9clar\u00e9es sinistr\u00e9es au terme d\u2019une \u00e9valuation men\u00e9e conjointement par le minist\u00e8re de l\u2019Agriculture, de la p\u00eache maritime, du d\u00e9veloppement rural et des eaux et for\u00eats et les experts de la MAMDA, ont d\u00e9j\u00e0 commenc\u00e9 \u00e0 percevoir leurs indemnisations. Le montant global assur\u00e9 est de 1,1 milliard de DH pour la campagne agricole 2019-2020.<\/p>\n<\/div>\n<p>Auteur: Meriem IGASS<br \/>\n<a href=\"http:\/\/www.mapmarrakech.ma\/fr\/secheresse-pres-de-200-mdh-au-profit-des-agriculteurs\/\">Cliquez ici pour lire l&rsquo;article depuis sa source.<\/a><\/p>\n","protected":false},"excerpt":{"rendered":"<p>Bengu\u00e9rir (Province des Rehamna) \u2013 La Mutuelle Agricole Marocaine d\u2019Assurances (MAMDA) a vers\u00e9 pr\u00e8s de 200 millions de dirhams (MDH) au profit des agriculteurs des zones touch\u00e9es par la s\u00e9cheresse au niveau de la province des Rehamna, apprend-t-on aupr\u00e8s de la direction provinciale de l\u2019Agriculture \u00e0 Rehamna. L\u2019op\u00e9ration de versement des indemnisations destin\u00e9es \u00e0 plus [&hellip;]<\/p>\n","protected":false},"author":1788,"featured_media":0,"comment_status":"closed","ping_status":"closed","sticky":false,"template":"","format":"standard","meta":{"fifu_image_url":"","fifu_image_alt":"","footnotes":""},"categories":[54,76],"tags":[],"class_list":["post-84100","post","type-post","status-publish","format-standard","hentry","category-maroc","category-regions"],"_links":{"self":[{"href":"https:\/\/linitiative.ca\/International\/wp-json\/wp\/v2\/posts\/84100","targetHints":{"allow":["GET"]}}],"collection":[{"href":"https:\/\/linitiative.ca\/International\/wp-json\/wp\/v2\/posts"}],"about":[{"href":"https:\/\/linitiative.ca\/International\/wp-json\/wp\/v2\/types\/post"}],"author":[{"embeddable":true,"href":"https:\/\/linitiative.ca\/International\/wp-json\/wp\/v2\/users\/1788"}],"replies":[{"embeddable":true,"href":"https:\/\/linitiative.ca\/International\/wp-json\/wp\/v2\/comments?post=84100"}],"version-history":[{"count":0,"href":"https:\/\/linitiative.ca\/International\/wp-json\/wp\/v2\/posts\/84100\/revisions"}],"wp:attachment":[{"href":"https:\/\/linitiative.ca\/International\/wp-json\/wp\/v2\/media?parent=84100"}],"wp:term":[{"taxonomy":"category","embeddable":true,"href":"https:\/\/linitiative.ca\/International\/wp-json\/wp\/v2\/categories?post=84100"},{"taxonomy":"post_tag","embeddable":true,"href":"https:\/\/linitiative.ca\/International\/wp-json\/wp\/v2\/tags?post=84100"}],"curies":[{"name":"wp","href":"https:\/\/api.w.org\/{rel}","templated":true}]}}