{"id":84102,"date":"2020-05-03T04:43:45","date_gmt":"2020-05-03T08:43:45","guid":{"rendered":"https:\/\/linitiative.ca\/International\/cameroun-le-personnel-de-lutte-contre-le-covid-19-toujours-en-greve-a-yaounde\/"},"modified":"2020-05-03T04:43:45","modified_gmt":"2020-05-03T08:43:45","slug":"cameroun-le-personnel-de-lutte-contre-le-covid-19-toujours-en-greve-a-yaounde","status":"publish","type":"post","link":"https:\/\/linitiative.ca\/International\/cameroun-le-personnel-de-lutte-contre-le-covid-19-toujours-en-greve-a-yaounde\/","title":{"rendered":"Cameroun: le personnel de lutte contre le Covid-19 toujours en gr\u00e8ve \u00e0 Yaound\u00e9"},"content":{"rendered":"<div readability=\"32\">\n<p>Publi\u00e9 le 03.05.2020 \u00e0 09h43 par Christian Djimadeu<\/p>\n<\/div>\n<div readability=\"76\">\n<h2 class=\"c5\"><em>Les\u00a0 manifestants ont gard\u00e9 le ton ferme durant toute la nuit du 3 mai. Apr\u00e8s quatre semaines sans primes, ce personnel de sant\u00e9 exprime son m\u00e9contentement depuis hier au Centre des op\u00e9rations d\u2019urgence de sant\u00e9 publique (Cousp) de Yaound\u00e9.<\/em><\/h2>\n<p class=\"c6\">\u00a0 La nuit a \u00e9t\u00e9 particuli\u00e8rement longue pour les employ\u00e9s du Centre des op\u00e9rations des urgences de sant\u00e9 publique de Yaound\u00e9. Les manifestations qui ont \u00e9clat\u00e9 dans l\u2019apr\u00e8s-midi du 2 mai se poursuivent donc ce jour. Le personnel\u00a0 qui est au front depuis quatre semaines dans la lutte contre le Covid-19 d\u00e9nonce entre autres la misse \u00e0 l\u2019\u00e9cart de 150 agents sans leur verser leurs primes, et l\u2019insuffisance des mesures de protection qui a conduit la contamination de plusieurs d\u2019entre eux.<\/p>\n<p class=\"c6\">La journaliste Olive Atangana du bihebdomadaire l\u2019\u0153il du Sahel rapporte que les gr\u00e9vistes fonctionnaires re\u00e7oivent plut\u00f4t les intimidations sur la suite de leur carri\u00e8re. \u00ab<em>\u00a0Le Directeur des ressources humaines arriv\u00e9 \u00e0 4h du matin a opt\u00e9 pour l\u2019intimidation en disant aux gr\u00e9vistes qu\u2019ils veulent faire tomber le ministre. Le sous-pr\u00e9fet de Yaound\u00e9 2 leur a dit qu\u2019\u00eatre employ\u00e9 de l\u2019Etat est un privil\u00e8ge\u00a0<\/em>\u00bb, t\u00e9moigne la sp\u00e9cialiste des questions de sant\u00e9.<\/p>\n<p class=\"c6\">Des confessions de gr\u00e9vistes font \u00e9tat de ce que certains auraient \u00e9t\u00e9 recrut\u00e9s sans contrats. Mais il leur a \u00e9t\u00e9 promis une prime de 10\u00a0000 FCFA par jour de travail et une protection sans faille contre toute contamination. L\u2019Etat n\u2019a jusqu\u2019ici communiqu\u00e9 sur cette crise au Cousp de Yaound\u00e9.<\/p>\n<p class=\"c6\">Pourtant ce scandale vient apposer une tache sombre sur le noble combat qu\u2019il m\u00e8ne contre le Covid-19. A ce jour pr\u00e8s de 1000 personnes gu\u00e9ries et plus de 8,8 milliards de FCFA, officiellement \u00e9t\u00e9 inject\u00e9s dans cette bataille.<\/p>\n<h2 class=\"c5\"><em>Les\u00a0 manifestants ont gard\u00e9 le ton ferme durant toute la nuit du 3 mai. Apr\u00e8s quatre semaines sans primes, ce personnel de sant\u00e9 exprime son m\u00e9contentement depuis hier au Centre des op\u00e9rations d\u2019urgence de sant\u00e9 publique (Cousp) de Yaound\u00e9.<\/em><\/h2>\n<p class=\"c6\">\u00a0 La nuit a \u00e9t\u00e9 particuli\u00e8rement longue pour les employ\u00e9s du Centre des op\u00e9rations des urgences de sant\u00e9 publique de Yaound\u00e9. Les manifestations qui ont \u00e9clat\u00e9 dans l\u2019apr\u00e8s-midi du 2 mai se poursuivent donc ce jour. Le personnel\u00a0 qui est au front depuis quatre semaines dans la lutte contre le Covid-19 d\u00e9nonce entre autres la misse \u00e0 l\u2019\u00e9cart de 150 agents sans leur verser leurs primes, et l\u2019insuffisance des mesures de protection qui a conduit la contamination de plusieurs d\u2019entre eux.<\/p>\n<p class=\"c6\">La journaliste Olive Atangana du bihebdomadaire l\u2019\u0153il du Sahel rapporte que les gr\u00e9vistes fonctionnaires re\u00e7oivent plut\u00f4t les intimidations sur la suite de leur carri\u00e8re. \u00ab<em>\u00a0Le Directeur des ressources humaines arriv\u00e9 \u00e0 4h du matin a opt\u00e9 pour l\u2019intimidation en disant aux gr\u00e9vistes qu\u2019ils veulent faire tomber le ministre. Le sous-pr\u00e9fet de Yaound\u00e9 2 leur a dit qu\u2019\u00eatre employ\u00e9 de l\u2019Etat est un privil\u00e8ge\u00a0<\/em>\u00bb, t\u00e9moigne la sp\u00e9cialiste des questions de sant\u00e9.<\/p>\n<p class=\"c6\">Des confessions de gr\u00e9vistes font \u00e9tat de ce que certains auraient \u00e9t\u00e9 recrut\u00e9s sans contrats. Mais il leur a \u00e9t\u00e9 promis une prime de 10\u00a0000 FCFA par jour de travail et une protection sans faille contre toute contamination. L\u2019Etat n\u2019a jusqu\u2019ici communiqu\u00e9 sur cette crise au Cousp de Yaound\u00e9.<\/p>\n<p class=\"c6\">Pourtant ce scandale vient apposer une tache sombre sur le noble combat qu\u2019il m\u00e8ne contre le Covid-19. A ce jour pr\u00e8s de 1000 personnes gu\u00e9ries et plus de 8,8 milliards de FCFA, officiellement \u00e9t\u00e9 inject\u00e9s dans cette bataille.<\/p>\n<\/div>\n<p>Auteur: Christian DJIMADEU<br \/>\n<a href=\"https:\/\/www.journalducameroun.com\/cameroun-le-personnel-de-lutte-contre-le-covid-19-toujours-en-greve-a-yaounde-cameroun\/\">Cliquez ici pour lire l&rsquo;article depuis sa source.<\/a><\/p>\n","protected":false},"excerpt":{"rendered":"<p>Publi\u00e9 le 03.05.2020 \u00e0 09h43 par Christian Djimadeu Les\u00a0 manifestants ont gard\u00e9 le ton ferme durant toute la nuit du 3 mai. Apr\u00e8s quatre semaines sans primes, ce personnel de sant\u00e9 exprime son m\u00e9contentement depuis hier au Centre des op\u00e9rations d\u2019urgence de sant\u00e9 publique (Cousp) de Yaound\u00e9. \u00a0 La nuit a \u00e9t\u00e9 particuli\u00e8rement longue pour [&hellip;]<\/p>\n","protected":false},"author":1965,"featured_media":0,"comment_status":"closed","ping_status":"closed","sticky":false,"template":"","format":"standard","meta":{"fifu_image_url":"","fifu_image_alt":"","footnotes":""},"categories":[73,82],"tags":[],"class_list":["post-84102","post","type-post","status-publish","format-standard","hentry","category-actualite","category-cameroun"],"_links":{"self":[{"href":"https:\/\/linitiative.ca\/International\/wp-json\/wp\/v2\/posts\/84102","targetHints":{"allow":["GET"]}}],"collection":[{"href":"https:\/\/linitiative.ca\/International\/wp-json\/wp\/v2\/posts"}],"about":[{"href":"https:\/\/linitiative.ca\/International\/wp-json\/wp\/v2\/types\/post"}],"author":[{"embeddable":true,"href":"https:\/\/linitiative.ca\/International\/wp-json\/wp\/v2\/users\/1965"}],"replies":[{"embeddable":true,"href":"https:\/\/linitiative.ca\/International\/wp-json\/wp\/v2\/comments?post=84102"}],"version-history":[{"count":0,"href":"https:\/\/linitiative.ca\/International\/wp-json\/wp\/v2\/posts\/84102\/revisions"}],"wp:attachment":[{"href":"https:\/\/linitiative.ca\/International\/wp-json\/wp\/v2\/media?parent=84102"}],"wp:term":[{"taxonomy":"category","embeddable":true,"href":"https:\/\/linitiative.ca\/International\/wp-json\/wp\/v2\/categories?post=84102"},{"taxonomy":"post_tag","embeddable":true,"href":"https:\/\/linitiative.ca\/International\/wp-json\/wp\/v2\/tags?post=84102"}],"curies":[{"name":"wp","href":"https:\/\/api.w.org\/{rel}","templated":true}]}}