{"id":84103,"date":"2020-05-02T19:32:00","date_gmt":"2020-05-02T23:32:00","guid":{"rendered":"https:\/\/linitiative.ca\/International\/la-tension-est-intenable-dans-le-championnat-tunisien\/"},"modified":"2020-05-02T19:32:00","modified_gmt":"2020-05-02T23:32:00","slug":"la-tension-est-intenable-dans-le-championnat-tunisien","status":"publish","type":"post","link":"https:\/\/linitiative.ca\/International\/la-tension-est-intenable-dans-le-championnat-tunisien\/","title":{"rendered":"\u00ab La tension est intenable dans le championnat tunisien \u00bb !"},"content":{"rendered":"<p class=\"MsoNormal\">L\u2019ex-attaquant de l\u2019Etoile Amrou Marei est revenu sur son passage avec l\u2019Etoile\u00a0<em>\u00ab\u00a0Je dois avouer que la tension qui r\u00e8gne dans le championnat tunisien est vraiment immense, voire intenable. D\u2019ailleurs, durant les quatre premiers mois, j\u2019ai eu beaucoup de mal \u00e0 m\u2019adapter et j\u2019avais r\u00e9ellement souffert. Je croyais que ce qui se passait chez nous en Egypte est unique en mati\u00e8re de tension, mais je me suis rendu compte apr\u00e8s avoir jou\u00e9 en Tunisie que l\u00e0-bas, tout est surdimensionn\u00e9 et qu\u2019on est plus indulgent chez nous en Egypte. Avec du recul, je suis satisfait de mon passage au sein d\u2019un grand club comme l\u2019Etoile. Il ne faut pas oublier que j\u2019ai quitt\u00e9 le championnat tunisien tout en \u00e9tant meilleur buteur de la comp\u00e9tition. A l\u2019ESS, la pression est \u00e9galement \u00e9norme, il n\u2019y a que la victoire qui compte, notamment \u00e0 Sousse o\u00f9 les \u00e9quipes qui d\u00e9barquent n\u2019ont pas le droit \u00e0 la victoire.<\/em><\/p>\n<p class=\"MsoNormal\"><em>Sur un autre plan, je dois signaler que quand je portais le maillot de l\u2019Etoile, j\u2019\u00e9tais courtis\u00e9 par Al Ahly et Zamalek mais surtout par l\u2019EST l\u2019ennemi de l\u2019ESS\u00a0; et que les dirigeants \u00e9toil\u00e9s demandaient un montant exorbitant pour me lib\u00e9rer avoisinant les 2 millions de dollars\u00a0\u00bb.<\/em><\/p>\n<p class=\"MsoNormal\"><strong>Montpellier sonde la piste Kechrida<\/strong><\/p>\n<p class=\"MsoNormal\">D\u00e9cid\u00e9ment,<span class=\"c2\">\u00a0<\/span> Wajdi<span class=\"c2\">\u00a0<\/span> Kechrida a vraiment la cote en France, puisqu\u2019apr\u00e8s le FC Metz et le FC Nantes, c\u2019est au tour des dirigeants Montpelli\u00e9rains de s\u2019int\u00e9resser au profil de l\u2019international tunisien .D\u2019aolleurs, ils ont commenc\u00e9 par sonder les avis de certains scouts tunisiens et \u00e9trangers sur Wajdi Kechrida.<\/p>\n<p class=\"MsoNormal\">Une chose est certaine, les jours de ce dernier sont compt\u00e9s \u00e0 l\u2019Etoile surtout qu\u2019il a la promesse de la part de ses dirigeants de le lib\u00e9rer en fin de saison.<\/p>\n<p class=\"MsoNormal\"><strong>Hatem REGAIEG<\/strong><\/p>\n<p>Auteur: letemps1<br \/>\n<a href=\"http:\/\/www.letemps.com.tn\/article\/113488\/%C2%AB-la-tension-est-intenable-dans-le-championnat-tunisien-%C2%BB\">Cliquez ici pour lire l&rsquo;article depuis sa source.<\/a><\/p>\n","protected":false},"excerpt":{"rendered":"<p>L\u2019ex-attaquant de l\u2019Etoile Amrou Marei est revenu sur son passage avec l\u2019Etoile\u00a0\u00ab\u00a0Je dois avouer que la tension qui r\u00e8gne dans le championnat tunisien est vraiment immense, voire intenable. D\u2019ailleurs, durant les quatre premiers mois, j\u2019ai eu beaucoup de mal \u00e0 m\u2019adapter et j\u2019avais r\u00e9ellement souffert. Je croyais que ce qui se passait chez nous en [&hellip;]<\/p>\n","protected":false},"author":1773,"featured_media":0,"comment_status":"closed","ping_status":"closed","sticky":false,"template":"","format":"standard","meta":{"fifu_image_url":"","fifu_image_alt":"","footnotes":""},"categories":[73,55],"tags":[],"class_list":["post-84103","post","type-post","status-publish","format-standard","hentry","category-actualite","category-tunisie"],"_links":{"self":[{"href":"https:\/\/linitiative.ca\/International\/wp-json\/wp\/v2\/posts\/84103","targetHints":{"allow":["GET"]}}],"collection":[{"href":"https:\/\/linitiative.ca\/International\/wp-json\/wp\/v2\/posts"}],"about":[{"href":"https:\/\/linitiative.ca\/International\/wp-json\/wp\/v2\/types\/post"}],"author":[{"embeddable":true,"href":"https:\/\/linitiative.ca\/International\/wp-json\/wp\/v2\/users\/1773"}],"replies":[{"embeddable":true,"href":"https:\/\/linitiative.ca\/International\/wp-json\/wp\/v2\/comments?post=84103"}],"version-history":[{"count":0,"href":"https:\/\/linitiative.ca\/International\/wp-json\/wp\/v2\/posts\/84103\/revisions"}],"wp:attachment":[{"href":"https:\/\/linitiative.ca\/International\/wp-json\/wp\/v2\/media?parent=84103"}],"wp:term":[{"taxonomy":"category","embeddable":true,"href":"https:\/\/linitiative.ca\/International\/wp-json\/wp\/v2\/categories?post=84103"},{"taxonomy":"post_tag","embeddable":true,"href":"https:\/\/linitiative.ca\/International\/wp-json\/wp\/v2\/tags?post=84103"}],"curies":[{"name":"wp","href":"https:\/\/api.w.org\/{rel}","templated":true}]}}