{"id":84104,"date":"2020-05-02T23:48:03","date_gmt":"2020-05-03T03:48:03","guid":{"rendered":"https:\/\/linitiative.ca\/International\/covid-19-192-cas-exclus-apres-des-tests-negatifs\/"},"modified":"2020-05-02T23:48:03","modified_gmt":"2020-05-03T03:48:03","slug":"covid-19-192-cas-exclus-apres-des-tests-negatifs","status":"publish","type":"post","link":"https:\/\/linitiative.ca\/International\/covid-19-192-cas-exclus-apres-des-tests-negatifs\/","title":{"rendered":"Covid-19: 192 cas exclus apr\u00e8s des tests n\u00e9gatifs"},"content":{"rendered":"<div readability=\"38\">\n<p>Safi \u2013 Le nombre de cas exclus apr\u00e8s les r\u00e9sultats n\u00e9gatifs des analyses effectu\u00e9es au laboratoire s\u2019\u00e9l\u00e8ve, samedi \u00e0 22H00, \u00e0 192 au niveau de la province de Safi, selon les donn\u00e9es de la Direction Provinciale de la Sant\u00e9 (DPS) relatives \u00e0 la situation \u00e9pid\u00e9miologique li\u00e9e au Covid-19.<\/p>\n<\/div>\n<div readability=\"75\">\n<p>Au niveau de cette province, on d\u00e9nombre \u00e9galement un seul cas positif au coronavirus et ce, depuis le 22 avril, a indiqu\u00e9 la m\u00eame source, pr\u00e9cisant que sur les 1.389 personnes-contacts, seules 452 sont toujours plac\u00e9es sous surveillance m\u00e9dicale, alors que 31 personnes sont en attente des r\u00e9sultats des analyses au laboratoire.<\/p>\n<p>Quant \u00e0 l\u2019\u00e9tat de sant\u00e9 de la seule patiente contamin\u00e9e au coronavirus, il demeure \u00ab\u00a0stable\u00a0\u00bb, poursuit la DPS, faisant savoir que cette patiente qui pr\u00e9sentait, au d\u00e9but, des sympt\u00f4mes peu inqui\u00e9tants, tels que la toux et la congestion nasale, ne souffre d\u2019aucune complication ou de maladie chronique.<\/p>\n<p>Sur un autre registre, la D\u00e9l\u00e9gation tient \u00e0 indiquer que la situation \u00e9pid\u00e9miologique au niveau de la province demeure \u00ab\u00a0rassurante\u00a0\u00bb.<\/p>\n<p>La d\u00e9l\u00e9gation provinciale de la Sant\u00e9 n\u2019a pas manqu\u00e9 d\u2019appeler les citoyens \u00e0 respecter scrupuleusement les consignes relatives \u00e0 l\u2019\u00e9tat d\u2019urgence sanitaire, \u00e0 ne pas sortir sauf en cas de n\u00e9cessit\u00e9 extr\u00eame et \u00e0 veiller au port obligatoire des masques de protection, en tant que seules mesures pr\u00e9ventives pour endiguer la propagation de ce virus.<\/p>\n<p>Cent soixante (160) nouveaux cas d\u2019infection au coronavirus (Covid-19) ont \u00e9t\u00e9 confirm\u00e9s au Maroc pendant les derni\u00e8res 24 heures, portant \u00e0 4.729 le nombre total des cas de contamination,\u00a0a annonc\u00e9 samedi le minist\u00e8re de la Sant\u00e9.<\/p>\n<p>Le nombre de personnes d\u00e9clar\u00e9es gu\u00e9ries s\u2019est \u00e9lev\u00e9 \u00e0 1.256 avec 173 nouvelles r\u00e9missions, alors que le nombre de d\u00e9c\u00e8s a \u00e9t\u00e9 port\u00e9 \u00e0 173 apr\u00e8s l\u2019annonce de deux cas de d\u00e9c\u00e8s au cours des derni\u00e8res 24 H.<\/p>\n<\/div>\n<p>Auteur: Meriem IGASS<br \/>\n<a href=\"http:\/\/www.mapmarrakech.ma\/fr\/covid-19-192-cas-exclus-apres-des-tests-negatifs\/\">Cliquez ici pour lire l&rsquo;article depuis sa source.<\/a><\/p>\n","protected":false},"excerpt":{"rendered":"<p>Safi \u2013 Le nombre de cas exclus apr\u00e8s les r\u00e9sultats n\u00e9gatifs des analyses effectu\u00e9es au laboratoire s\u2019\u00e9l\u00e8ve, samedi \u00e0 22H00, \u00e0 192 au niveau de la province de Safi, selon les donn\u00e9es de la Direction Provinciale de la Sant\u00e9 (DPS) relatives \u00e0 la situation \u00e9pid\u00e9miologique li\u00e9e au Covid-19. Au niveau de cette province, on d\u00e9nombre [&hellip;]<\/p>\n","protected":false},"author":1788,"featured_media":0,"comment_status":"closed","ping_status":"closed","sticky":false,"template":"","format":"standard","meta":{"fifu_image_url":"","fifu_image_alt":"","footnotes":""},"categories":[54,76],"tags":[],"class_list":["post-84104","post","type-post","status-publish","format-standard","hentry","category-maroc","category-regions"],"_links":{"self":[{"href":"https:\/\/linitiative.ca\/International\/wp-json\/wp\/v2\/posts\/84104","targetHints":{"allow":["GET"]}}],"collection":[{"href":"https:\/\/linitiative.ca\/International\/wp-json\/wp\/v2\/posts"}],"about":[{"href":"https:\/\/linitiative.ca\/International\/wp-json\/wp\/v2\/types\/post"}],"author":[{"embeddable":true,"href":"https:\/\/linitiative.ca\/International\/wp-json\/wp\/v2\/users\/1788"}],"replies":[{"embeddable":true,"href":"https:\/\/linitiative.ca\/International\/wp-json\/wp\/v2\/comments?post=84104"}],"version-history":[{"count":0,"href":"https:\/\/linitiative.ca\/International\/wp-json\/wp\/v2\/posts\/84104\/revisions"}],"wp:attachment":[{"href":"https:\/\/linitiative.ca\/International\/wp-json\/wp\/v2\/media?parent=84104"}],"wp:term":[{"taxonomy":"category","embeddable":true,"href":"https:\/\/linitiative.ca\/International\/wp-json\/wp\/v2\/categories?post=84104"},{"taxonomy":"post_tag","embeddable":true,"href":"https:\/\/linitiative.ca\/International\/wp-json\/wp\/v2\/tags?post=84104"}],"curies":[{"name":"wp","href":"https:\/\/api.w.org\/{rel}","templated":true}]}}