{"id":84105,"date":"2020-05-03T06:34:51","date_gmt":"2020-05-03T10:34:51","guid":{"rendered":"https:\/\/linitiative.ca\/International\/tunisie-deux-agents-de-la-garde-nationale-et-un-agent-de-la-protection-soumis-au-confinement-a-kasserine\/"},"modified":"2020-05-03T06:34:51","modified_gmt":"2020-05-03T10:34:51","slug":"tunisie-deux-agents-de-la-garde-nationale-et-un-agent-de-la-protection-soumis-au-confinement-a-kasserine","status":"publish","type":"post","link":"https:\/\/linitiative.ca\/International\/tunisie-deux-agents-de-la-garde-nationale-et-un-agent-de-la-protection-soumis-au-confinement-a-kasserine\/","title":{"rendered":"Tunisie: Deux agents de la Garde nationale et un agent de la Protection soumis au confinement \u00e0 Kasserine"},"content":{"rendered":"<div class=\"post-cont-in left relative\">\n<p>Un agent de la protection civile et deux agents de la Garde nationale travaillant respectivement dans les gouvernorats de Tozeur et Gafsa ont \u00e9t\u00e9 mis en quarantaine obligatoire dans le dortoir universitaire de Kasserine, soup\u00e7onn\u00e9 d\u2019\u00eatre infect\u00e9s par le virus Corona.<\/p>\n<div class=\"code-block code-block-1 c3\"><ins class=\"adsbygoogle c2\" data-ad-layout=\"in-article\" data-ad-format=\"fluid\" data-ad-client=\"ca-pub-2102118777505746\" data-ad-slot=\"7301775417\"\/> <\/div>\n<p>Samedi, des \u00e9chantillons ont \u00e9t\u00e9 pr\u00e9lev\u00e9s sur les agents pour analyse, a indiqu\u00e9 une source sanitaire, pr\u00e9cisant, par ailleurs, que le nombre de personnes soumises au confinement obligatoire dans ce centre est 31 personnes.<\/p>\n<div class=\"swp_social_panel swp_horizontal_panel swp_flat_fresh swp_default_full_color swp_individual_full_color swp_other_full_color scale-100 scale-\" data-min-width=\"1100\" data-float-color=\"#ffffff\" data-float=\"bottom\" data-float-mobile=\"bottom\" data-transition=\"slide\">\n<div class=\"nc_tweetContainer swp_share_button total_shares total_sharesalt\"><span class=\"swp_count\">3 <span class=\"swp_label\">Partages<\/span><\/span><\/div>\n<\/div>\n<p><strong>Que se passe-t-il en Tunisie?<\/strong><br \/>Nous expliquons sur notre <a href=\"https:\/\/www.youtube.com\/channel\/UCRzypVq0B_yBad5eGrwBx0Q?sub_confirmation=1\" target=\"_blank\" rel=\"noopener noreferrer\">cha\u00eene YouTube<\/a> . <a href=\"https:\/\/www.youtube.com\/channel\/UCRzypVq0B_yBad5eGrwBx0Q?sub_confirmation=1\" target=\"_blank\" rel=\"noopener noreferrer\">Abonnez-vous!<\/a><\/p>\n<div class=\"mvp-org-wrap mvp-org-logo\" itemprop=\"publisher\" itemscope=\"\" itemtype=\"https:\/\/schema.org\/Organization\"><img decoding=\"async\" src=\"https:\/\/www.tunisienumerique.com\/wp-content\/uploads\/2017\/02\/logo_tunisie_numerique.png\"\/><\/div>\n<div class=\"mvp-related-posts left relative\">\n<h4 class=\"post-header\"><span class=\"post-header\">Lire aussi<\/span><\/h4>\n<\/div>\n<div id=\"article-ad\"><ins class=\"adsbygoogle c4\" data-ad-client=\"ca-pub-2102118777505746\" data-ad-slot=\"6513972734\" data-ad-format=\"auto\" data-full-width-responsive=\"true\"\/> <\/div>\n<\/div>\n<div id=\"post-sidebar-wrap\"><ins class=\"adsbygoogle c4\" data-ad-client=\"ca-pub-2102118777505746\" data-ad-slot=\"6168283410\" data-ad-format=\"auto\" data-full-width-responsive=\"true\"\/> <\/div>\n<p>Auteur: Mourad S<br \/>\n<a href=\"https:\/\/www.tunisienumerique.com\/tunisie-deux-agents-de-la-garde-nationale-et-un-agent-de-la-protection-soumis-au-confinement-a-kasserine\/\">Cliquez ici pour lire l&rsquo;article depuis sa source.<\/a><\/p>\n","protected":false},"excerpt":{"rendered":"<p>Un agent de la protection civile et deux agents de la Garde nationale travaillant respectivement dans les gouvernorats de Tozeur et Gafsa ont \u00e9t\u00e9 mis en quarantaine obligatoire dans le dortoir universitaire de Kasserine, soup\u00e7onn\u00e9 d\u2019\u00eatre infect\u00e9s par le virus Corona. Samedi, des \u00e9chantillons ont \u00e9t\u00e9 pr\u00e9lev\u00e9s sur les agents pour analyse, a indiqu\u00e9 une [&hellip;]<\/p>\n","protected":false},"author":1789,"featured_media":0,"comment_status":"closed","ping_status":"closed","sticky":false,"template":"","format":"standard","meta":{"fifu_image_url":"","fifu_image_alt":"","footnotes":""},"categories":[73,55],"tags":[],"class_list":["post-84105","post","type-post","status-publish","format-standard","hentry","category-actualite","category-tunisie"],"_links":{"self":[{"href":"https:\/\/linitiative.ca\/International\/wp-json\/wp\/v2\/posts\/84105","targetHints":{"allow":["GET"]}}],"collection":[{"href":"https:\/\/linitiative.ca\/International\/wp-json\/wp\/v2\/posts"}],"about":[{"href":"https:\/\/linitiative.ca\/International\/wp-json\/wp\/v2\/types\/post"}],"author":[{"embeddable":true,"href":"https:\/\/linitiative.ca\/International\/wp-json\/wp\/v2\/users\/1789"}],"replies":[{"embeddable":true,"href":"https:\/\/linitiative.ca\/International\/wp-json\/wp\/v2\/comments?post=84105"}],"version-history":[{"count":0,"href":"https:\/\/linitiative.ca\/International\/wp-json\/wp\/v2\/posts\/84105\/revisions"}],"wp:attachment":[{"href":"https:\/\/linitiative.ca\/International\/wp-json\/wp\/v2\/media?parent=84105"}],"wp:term":[{"taxonomy":"category","embeddable":true,"href":"https:\/\/linitiative.ca\/International\/wp-json\/wp\/v2\/categories?post=84105"},{"taxonomy":"post_tag","embeddable":true,"href":"https:\/\/linitiative.ca\/International\/wp-json\/wp\/v2\/tags?post=84105"}],"curies":[{"name":"wp","href":"https:\/\/api.w.org\/{rel}","templated":true}]}}