{"id":84106,"date":"2020-05-03T00:03:26","date_gmt":"2020-05-03T04:03:26","guid":{"rendered":"https:\/\/linitiative.ca\/International\/covid-19-456-remissions-depuis-le-declenchement-de-la-pandemie\/"},"modified":"2020-05-03T00:03:26","modified_gmt":"2020-05-03T04:03:26","slug":"covid-19-456-remissions-depuis-le-declenchement-de-la-pandemie","status":"publish","type":"post","link":"https:\/\/linitiative.ca\/International\/covid-19-456-remissions-depuis-le-declenchement-de-la-pandemie\/","title":{"rendered":"Covid-19: 456 r\u00e9missions depuis le d\u00e9clenchement de la pand\u00e9mie"},"content":{"rendered":"<div readability=\"36\">\n<p>Marrakech \u2013 Un total de 456 r\u00e9missions du nouveau coronavirus (Covid-19) ont \u00e9t\u00e9 enregistr\u00e9es au niveau de la r\u00e9gion de Marrakech-Safi depuis le d\u00e9clenchement de la pand\u00e9mie, a affirm\u00e9 la Directrice R\u00e9gionale de la Sant\u00e9, Lamia Chakiri.<\/p>\n<\/div>\n<div readability=\"77\">\n<p>Ces cas gu\u00e9ris sont r\u00e9partis entre la pr\u00e9fecture de Marrakech (294) et les provinces de Rehamna (120), d\u2019Al-Haouz (23), de Chichaoua (16), d\u2019El Kel\u00e2a des Sraghna (02) et d\u2019Essaouira (01), a fait savoir Mme Chakiri dans une d\u00e9claration \u00e0 la MAP.<\/p>\n<p>Cette nette augmentation du nombre des r\u00e9missions au niveau de la r\u00e9gion de Marrakech-Safi t\u00e9moigne de l\u2019efficacit\u00e9 du protocole th\u00e9rapeutique instaur\u00e9 par le minist\u00e8re de la sant\u00e9, ainsi que des efforts colossaux d\u00e9ploy\u00e9s par les staff m\u00e9dical, para-m\u00e9dical, technique et administratif qui veillent sur la prise en charge des patients atteints du Covid-19, a-t-elle expliqu\u00e9.<\/p>\n<p>Une importance particuli\u00e8re a \u00e9t\u00e9 \u00e9galement accord\u00e9e au c\u00f4t\u00e9 psychologique pour soulager les souffrances des patients et les aider \u00e0 mieux traverser l\u2019\u00e9preuve de la maladie, a-t-elle soulign\u00e9, notant que l\u2019ensemble des mesures adopt\u00e9es ont permis d\u2019acc\u00e9l\u00e9rer la p\u00e9riode de gu\u00e9rison.<\/p>\n<p>\u00ab\u00a0Si on veut garder la situation \u00e9pid\u00e9miologique sous contr\u00f4le avec une tendance d\u2019augmenter le nombre des gu\u00e9ris, les citoyens sont appel\u00e9s \u00e0 se conformer scrupuleusement aux consignes relatives \u00e0 l\u2019\u00e9tat d\u2019urgence sanitaire, \u00e0 respecter les r\u00e8gles et les mesures d\u2019hygi\u00e8ne et de protection \u00e0 travers le port des masques, et \u00e0 ne pas sortir sauf en cas de n\u00e9cessit\u00e9 extr\u00eame\u00a0\u00bb, a insist\u00e9 Mme Chakiri.<\/p>\n<p>S\u2019agissant de l\u2019\u00e9tat de sant\u00e9 des cas confirm\u00e9s de coronavirus, toujours sous traitement, la responsable a relev\u00e9 que la majorit\u00e9 des malades sont asymptomatiques et ne souffrent pas de complications ou de maladies chroniques.<\/p>\n<p>A cette occasion, elle n\u2019a pas manqu\u00e9 de saluer l\u2019engagement inconditionnel des professionnels de la sant\u00e9 qui font un travail extraordinaire ainsi que l\u2019accompagnement des autorit\u00e9s publiques, de la soci\u00e9t\u00e9 civile et des m\u00e9dias, pour sortir de cette crise sanitaire avec les moindres d\u00e9g\u00e2ts.<\/p>\n<\/div>\n<p>Auteur: Meriem IGASS<br \/>\n<a href=\"http:\/\/www.mapmarrakech.ma\/fr\/covid-19-456-remissions-depuis-le-declenchement-de-la-pandemie\/\">Cliquez ici pour lire l&rsquo;article depuis sa source.<\/a><\/p>\n","protected":false},"excerpt":{"rendered":"<p>Marrakech \u2013 Un total de 456 r\u00e9missions du nouveau coronavirus (Covid-19) ont \u00e9t\u00e9 enregistr\u00e9es au niveau de la r\u00e9gion de Marrakech-Safi depuis le d\u00e9clenchement de la pand\u00e9mie, a affirm\u00e9 la Directrice R\u00e9gionale de la Sant\u00e9, Lamia Chakiri. Ces cas gu\u00e9ris sont r\u00e9partis entre la pr\u00e9fecture de Marrakech (294) et les provinces de Rehamna (120), d\u2019Al-Haouz [&hellip;]<\/p>\n","protected":false},"author":1788,"featured_media":0,"comment_status":"closed","ping_status":"closed","sticky":false,"template":"","format":"standard","meta":{"fifu_image_url":"","fifu_image_alt":"","footnotes":""},"categories":[54,76],"tags":[],"class_list":["post-84106","post","type-post","status-publish","format-standard","hentry","category-maroc","category-regions"],"_links":{"self":[{"href":"https:\/\/linitiative.ca\/International\/wp-json\/wp\/v2\/posts\/84106","targetHints":{"allow":["GET"]}}],"collection":[{"href":"https:\/\/linitiative.ca\/International\/wp-json\/wp\/v2\/posts"}],"about":[{"href":"https:\/\/linitiative.ca\/International\/wp-json\/wp\/v2\/types\/post"}],"author":[{"embeddable":true,"href":"https:\/\/linitiative.ca\/International\/wp-json\/wp\/v2\/users\/1788"}],"replies":[{"embeddable":true,"href":"https:\/\/linitiative.ca\/International\/wp-json\/wp\/v2\/comments?post=84106"}],"version-history":[{"count":0,"href":"https:\/\/linitiative.ca\/International\/wp-json\/wp\/v2\/posts\/84106\/revisions"}],"wp:attachment":[{"href":"https:\/\/linitiative.ca\/International\/wp-json\/wp\/v2\/media?parent=84106"}],"wp:term":[{"taxonomy":"category","embeddable":true,"href":"https:\/\/linitiative.ca\/International\/wp-json\/wp\/v2\/categories?post=84106"},{"taxonomy":"post_tag","embeddable":true,"href":"https:\/\/linitiative.ca\/International\/wp-json\/wp\/v2\/tags?post=84106"}],"curies":[{"name":"wp","href":"https:\/\/api.w.org\/{rel}","templated":true}]}}