{"id":84107,"date":"2020-05-02T19:32:00","date_gmt":"2020-05-02T23:32:00","guid":{"rendered":"https:\/\/linitiative.ca\/International\/plus-de-la-moitie-de-lequipe-se-trouve-a-letranger\/"},"modified":"2020-05-02T19:32:00","modified_gmt":"2020-05-02T23:32:00","slug":"plus-de-la-moitie-de-lequipe-se-trouve-a-letranger","status":"publish","type":"post","link":"https:\/\/linitiative.ca\/International\/plus-de-la-moitie-de-lequipe-se-trouve-a-letranger\/","title":{"rendered":"Plus de la moiti\u00e9 de l\u2019\u00e9quipe se  trouve \u00e0 l\u2019\u00e9tranger"},"content":{"rendered":"<p class=\"MsoNormal c4\"><span class=\"c3\">A l\u2019instar de toutes les \u00e9quipes toutes divisions confondues, les joueurs du ST sont au confinement depuis l\u2019arr\u00eat des activit\u00e9s sportives. Ils se sont content\u00e9s depuis deux semaines d\u2019effectuer des exercices sp\u00e9cifiques tels qu\u2019ils leur ont \u00e9t\u00e9 recommand\u00e9s par les pr\u00e9parateurs physiques sous le contr\u00f4le de Jale Kadri et son staff. Mais ce ne sont pas tous les joueurs qui ont suivi ce programme, car certains d\u2019entre eux sont en France, mais essayent de r\u00e9pondre aux recommandations de leur entra\u00eeneur. Nous parlons ici de Heyke lChaikhaoui, Rayen Khemis, Deyssem Ben Nasr, Billel A\u00eft Malek et Issam Ben Khemis. A ceux-l\u00e0 il faudrait ajouter Ali Ma\u00e2toug parti en Libye depuis l\u2019arr\u00eat de la comp\u00e9tition.<span class=\"c2\">\u00a0<\/span><\/span><\/p>\n<p class=\"MsoNormal c4\"><span class=\"c3\">\u00a0<\/span><\/p>\n<p class=\"MsoNormal c4\"><strong><span class=\"c3\">Dilemme<\/span><\/strong><\/p>\n<p class=\"MsoNormal c4\"><strong><span class=\"c3\">\u00a0<\/span><\/strong><\/p>\n<p class=\"MsoNormal c4\"><span class=\"c3\">Tous ses joueurs ne pourront pas retourner<span class=\"c2\">\u00a0<\/span> tant que les fronti\u00e8res sont ferm\u00e9es. Un grand dilemme pour les responsables et le staff technique au cas o\u00f9 le projet de reprise de la comp\u00e9tition pr\u00e9sent\u00e9 par la FTF soit retenu.<\/span><\/p>\n<p class=\"MsoNormal c6\"><span class=\"c5\">Au mois de juin le trafic a\u00e9rien entre la Tunisie et la France sera encore suspendu, le premier vol programm\u00e9 Paris Tunis n\u2019aura pas lieu, avant le 1<sup>er<\/sup> juillet , selon le denier communiqu\u00e9 de la compagnie fran\u00e7aise.<span class=\"c2\">\u00a0<\/span><\/span><\/p>\n<p class=\"MsoNormal c6\"><span class=\"c5\">Une telle situation privera le ST de plus de la moiti\u00e9 de son \u00e9quipe rentrante. Un v\u00e9ritable casse-t\u00eate pour Jalel Kadri ,qui reste par ailleurs, tr\u00e8s r\u00e9serv\u00e9 pour une reprise du championnat.<\/span><\/p>\n<p class=\"MsoNormal c6\"><span class=\"c5\">Toutefois les responsables stadistes sauront d\u00e9fendre les int\u00e9r\u00eats de leur \u00e9quipe en cas de reprise le 15 juin prochain. Rappelons tout de m\u00eame que le ST aura l\u2019ES M comme adversaire pour le compte de la 17<sup>\u00e8me<\/sup> journ\u00e9e. Reste \u00e0 savoir sur quel terrain cette rencontre va se d\u00e9rouler<\/span><\/p>\n<p class=\"MsoNormal c6\"><span class=\"c5\">\u00a0<\/span><\/p>\n<p class=\"MsoNormal c4\"><strong><span class=\"c3\">Int\u00e9r\u00eat<\/span><\/strong><\/p>\n<p class=\"MsoNormal c4\"><span class=\"c3\">Depuis le d\u00e9but du confinement g\u00e9n\u00e9ral, les responsables stadistes n\u2019ont \u00e9pargn\u00e9 aucun effort pour venir en aide \u00e0 leurs joueurs \u00e9trangers et leur porter secours ,dabs ces moments exceptionnels.<\/span><\/p>\n<p class=\"MsoNormal c4\"><span class=\"c3\">\u00a0<\/span><\/p>\n<p class=\"MsoNormal c4\"><strong><span class=\"c3\">R\u00e9unions \u00e0 distance<\/span><\/strong><\/p>\n<p class=\"MsoNormal c4\"><span class=\"c3\">Malgr\u00e9 l\u2019arr\u00eat des comp\u00e9titions des jeunes, les entra\u00eeneurs des petites cat\u00e9gories ne cessent de se rencontrer par \u00ab\u00a0Skype\u00a0\u00bb pour planifier les programmes de la saison prochaine et la formation des groupes afin que la reprise se fasse dans les meilleures conditions possibles .<\/span><\/p>\n<p>Auteur: letemps1<br \/>\n<a href=\"http:\/\/www.letemps.com.tn\/article\/113489\/plus-de-la-moiti%C3%A9-de-l%E2%80%99%C3%A9quipe-se-trouve-%C3%A0-l%E2%80%99%C3%A9tranger\">Cliquez ici pour lire l&rsquo;article depuis sa source.<\/a><\/p>\n","protected":false},"excerpt":{"rendered":"<p>A l\u2019instar de toutes les \u00e9quipes toutes divisions confondues, les joueurs du ST sont au confinement depuis l\u2019arr\u00eat des activit\u00e9s sportives. Ils se sont content\u00e9s depuis deux semaines d\u2019effectuer des exercices sp\u00e9cifiques tels qu\u2019ils leur ont \u00e9t\u00e9 recommand\u00e9s par les pr\u00e9parateurs physiques sous le contr\u00f4le de Jale Kadri et son staff. Mais ce ne sont [&hellip;]<\/p>\n","protected":false},"author":1773,"featured_media":0,"comment_status":"closed","ping_status":"closed","sticky":false,"template":"","format":"standard","meta":{"fifu_image_url":"","fifu_image_alt":"","footnotes":""},"categories":[73,55],"tags":[],"class_list":["post-84107","post","type-post","status-publish","format-standard","hentry","category-actualite","category-tunisie"],"_links":{"self":[{"href":"https:\/\/linitiative.ca\/International\/wp-json\/wp\/v2\/posts\/84107","targetHints":{"allow":["GET"]}}],"collection":[{"href":"https:\/\/linitiative.ca\/International\/wp-json\/wp\/v2\/posts"}],"about":[{"href":"https:\/\/linitiative.ca\/International\/wp-json\/wp\/v2\/types\/post"}],"author":[{"embeddable":true,"href":"https:\/\/linitiative.ca\/International\/wp-json\/wp\/v2\/users\/1773"}],"replies":[{"embeddable":true,"href":"https:\/\/linitiative.ca\/International\/wp-json\/wp\/v2\/comments?post=84107"}],"version-history":[{"count":0,"href":"https:\/\/linitiative.ca\/International\/wp-json\/wp\/v2\/posts\/84107\/revisions"}],"wp:attachment":[{"href":"https:\/\/linitiative.ca\/International\/wp-json\/wp\/v2\/media?parent=84107"}],"wp:term":[{"taxonomy":"category","embeddable":true,"href":"https:\/\/linitiative.ca\/International\/wp-json\/wp\/v2\/categories?post=84107"},{"taxonomy":"post_tag","embeddable":true,"href":"https:\/\/linitiative.ca\/International\/wp-json\/wp\/v2\/tags?post=84107"}],"curies":[{"name":"wp","href":"https:\/\/api.w.org\/{rel}","templated":true}]}}