{"id":84110,"date":"2020-05-03T00:18:42","date_gmt":"2020-05-03T04:18:42","guid":{"rendered":"https:\/\/linitiative.ca\/International\/organisation-de-concours-artistiques-et-culturels-a-distance\/"},"modified":"2020-05-03T00:18:42","modified_gmt":"2020-05-03T04:18:42","slug":"organisation-de-concours-artistiques-et-culturels-a-distance","status":"publish","type":"post","link":"https:\/\/linitiative.ca\/International\/organisation-de-concours-artistiques-et-culturels-a-distance\/","title":{"rendered":"Organisation de concours artistiques et culturels \u00e0 distance"},"content":{"rendered":"<div class=\"single-featured\"><img alt=\"\" data-src=\"http:\/\/www.mapmarrakech.ma\/map\/uploads\/2020\/05\/dar-attakafa-RAK-copier.jpg\"\/><\/div>\n<div class=\"single-post-excerpt post-excerpt-bc\" readability=\"35\">\n<p>Marrakech \u2013 La Direction r\u00e9gionale de la culture de Marrakech-Safi a annonc\u00e9 l\u2019organisation, jusqu\u2019au 20 mai courant, de concours artistiques et culturels \u00e0 distance.<\/p>\n<\/div>\n<div class=\"entry-content clearfix single-post-content\" readability=\"56\">\n<p>Organis\u00e9s sous le signe \u00ab\u00a0Reste chez toi, la culture au c\u0153ur de ta maison\u00a0\u00bb, ces concours concernent plusieurs domaines artistiques tels que le th\u00e9\u00e2tre, les arts plastiques, la musique, les contes et l\u2019Inchad soufi.<\/p>\n<p>Les vid\u00e9os des candidats doivent avoir pour sujet \u00ab\u00a0le Maroc face au coronavirus\u00a0\u00bb, a indiqu\u00e9 un communiqu\u00e9 de la Direction, pr\u00e9cisant que les \u0153uvres des participants doivent obligatoirement avoir \u00e9t\u00e9 film\u00e9es chez soi et n\u2019ayant jamais \u00e9t\u00e9 projet\u00e9es avant.<\/p>\n<p>La Direction a droit de projeter ces vid\u00e9os dans les plateformes \u00e9lectroniques et d\u2019effectuer \u00e9ventuellement certaines modifications sur ces \u0153uvres \u00e0 condition de mentionner le nom du participant r\u00e9alisateur de cette vid\u00e9o.<\/p>\n<p>Les vid\u00e9os seront envoy\u00e9es \u00e0 l\u2019adresse \u00e9lectronique de la Direction r\u00e9gionale de la culture de Marrakech-Safi (minculturemarrakech@gmail.com).<\/p>\n<p>Les meilleures participations seront projet\u00e9es sur les plateformes \u00e9lectroniques de la Direction, qui attribuera des prix et des certificats de m\u00e9rite aux vainqueurs.<\/p>\n<\/div>\n<p>Auteur: Meriem IGASS<br \/>\n<a href=\"http:\/\/www.mapmarrakech.ma\/fr\/organisation-de-concours-artistiques-et-culturels-a-distance\/\">Cliquez ici pour lire l&rsquo;article depuis sa source.<\/a><\/p>\n","protected":false},"excerpt":{"rendered":"<p>Marrakech \u2013 La Direction r\u00e9gionale de la culture de Marrakech-Safi a annonc\u00e9 l\u2019organisation, jusqu\u2019au 20 mai courant, de concours artistiques et culturels \u00e0 distance. Organis\u00e9s sous le signe \u00ab\u00a0Reste chez toi, la culture au c\u0153ur de ta maison\u00a0\u00bb, ces concours concernent plusieurs domaines artistiques tels que le th\u00e9\u00e2tre, les arts plastiques, la musique, les contes [&hellip;]<\/p>\n","protected":false},"author":1788,"featured_media":0,"comment_status":"closed","ping_status":"closed","sticky":false,"template":"","format":"standard","meta":{"fifu_image_url":"","fifu_image_alt":"","footnotes":""},"categories":[54,76],"tags":[],"class_list":["post-84110","post","type-post","status-publish","format-standard","hentry","category-maroc","category-regions"],"_links":{"self":[{"href":"https:\/\/linitiative.ca\/International\/wp-json\/wp\/v2\/posts\/84110","targetHints":{"allow":["GET"]}}],"collection":[{"href":"https:\/\/linitiative.ca\/International\/wp-json\/wp\/v2\/posts"}],"about":[{"href":"https:\/\/linitiative.ca\/International\/wp-json\/wp\/v2\/types\/post"}],"author":[{"embeddable":true,"href":"https:\/\/linitiative.ca\/International\/wp-json\/wp\/v2\/users\/1788"}],"replies":[{"embeddable":true,"href":"https:\/\/linitiative.ca\/International\/wp-json\/wp\/v2\/comments?post=84110"}],"version-history":[{"count":0,"href":"https:\/\/linitiative.ca\/International\/wp-json\/wp\/v2\/posts\/84110\/revisions"}],"wp:attachment":[{"href":"https:\/\/linitiative.ca\/International\/wp-json\/wp\/v2\/media?parent=84110"}],"wp:term":[{"taxonomy":"category","embeddable":true,"href":"https:\/\/linitiative.ca\/International\/wp-json\/wp\/v2\/categories?post=84110"},{"taxonomy":"post_tag","embeddable":true,"href":"https:\/\/linitiative.ca\/International\/wp-json\/wp\/v2\/tags?post=84110"}],"curies":[{"name":"wp","href":"https:\/\/api.w.org\/{rel}","templated":true}]}}