{"id":84111,"date":"2020-05-03T06:22:28","date_gmt":"2020-05-03T10:22:28","guid":{"rendered":"https:\/\/linitiative.ca\/International\/cameroun-la-situation-des-journalistes-preoccupe-les-etats-unis\/"},"modified":"2020-05-03T06:22:28","modified_gmt":"2020-05-03T10:22:28","slug":"cameroun-la-situation-des-journalistes-preoccupe-les-etats-unis","status":"publish","type":"post","link":"https:\/\/linitiative.ca\/International\/cameroun-la-situation-des-journalistes-preoccupe-les-etats-unis\/","title":{"rendered":"Cameroun : la situation des journalistes pr\u00e9occupe les Etats-Unis"},"content":{"rendered":"<div readability=\"32\">\n<p>Publi\u00e9 le 03.05.2020 \u00e0 11h22 par Christian Djimadeu<\/p>\n<\/div>\n<div readability=\"96\">\n<h2 class=\"c5\">A l\u2019occasion de la Journ\u00e9e mondiale de la libert\u00e9 de la presse qui se c\u00e9l\u00e8bre ce 3 mai, le pays de Donald Trump \u2013 par son ambassade \u00e0 Yaound\u00e9 \u2013 d\u00e9plore les abus dont sont victimes les hommes de m\u00e9dias au Cameroun.<\/h2>\n<p class=\"c6\">La 27e <strong>Journ\u00e9e mondiale de la presse<\/strong> se c\u00e9l\u00e8bre ce 3 mai sous le th\u00e8me: <em>\u00ab\u00a0le journalisme sans crainte, ni complaisance\u00a0\u00bb.<\/em> La th\u00e9matique\u00a0 fait observer \u00e0 l\u2019<strong>ambassade des Unis au Cameroun<\/strong> que le journaliste camerounais exerce dans un environnement aust\u00e8re.<\/p>\n<p class=\"c6\">\u00ab\u00a0<em>Malheureusement, dans l\u2019exercice de leurs fonctions, des journalistes continuent de\u00a0 faire face \u00e0 de nombreux obstacles. L\u2019ambassade des \u00c9tats-Unis est pr\u00e9occup\u00e9e par la situation\u00a0 de nombreux journalistes et professionnels des m\u00e9dias au Cameroun qui sont victimes de\u00a0menaces, d\u2019actes de coercition financi\u00e8re, d\u2019arrestations et d\u2019enl\u00e8vements, dans un contexte\u00a0 marqu\u00e9 par la recrudescence de la d\u00e9sinformation<\/em>\u00a0\u00bb, d\u00e9plore l\u2019institution que dirige <strong>Peter Henry Barlerin<\/strong>.<\/p>\n<p class=\"c6\">Pour les \u00c9tats-Unis, le r\u00f4le des journalistes est essentiel dans la d\u00e9mocratie. Notamment dans la promotion de la transparence, de l\u2019inclusion des\u00a0 populations d\u00e9favoris\u00e9es, et le suivi des actions des gouvernements afin qu\u2019ils soient \u00a0responsables de leurs\u00a0actes. L\u2019ambassade pense que <em>\u00ab\u00a0l\u2019existence d\u2019organes de presse ind\u00e9pendants est indispensable \u00e0 la bonne marche de toute\u00a0 d\u00e9mocratie<\/em>\u00a0\u00bb.<\/p>\n<p class=\"c6\">Au moment o\u00f9 les USA honorent la presse camerounaise dans un communiqu\u00e9 publi\u00e9 ce 3 mai, des \u00e9diteurs de presse annoncent depuis hier une journ\u00e9e \u00ab\u00a0presse morte\u00a0\u00bb\u00a0 le 4 mai prochain. En d\u00e9nonciation de certains actes du gouvernement, qui selon eux, contribuent\u00a0 \u00e0 fragiliser la presse.\u00a0Les \u00e9diteurs de presse citent entre autres : le blocage des reformes importantes du secteur, et l\u2019inexistence\u00a0 de mesures de soutien des m\u00e9dias en ce temps de crise sanitaire du <strong>Covid-19<\/strong>.<\/p>\n<h2 class=\"c5\">A l\u2019occasion de la Journ\u00e9e mondiale de la libert\u00e9 de la presse qui se c\u00e9l\u00e8bre ce 3 mai, le pays de Donald Trump \u2013 par son ambassade \u00e0 Yaound\u00e9 \u2013 d\u00e9plore les abus dont sont victimes les hommes de m\u00e9dias au Cameroun.<\/h2>\n<p class=\"c6\">La 27e <strong>Journ\u00e9e mondiale de la presse<\/strong> se c\u00e9l\u00e8bre ce 3 mai sous le th\u00e8me: <em>\u00ab\u00a0le journalisme sans crainte, ni complaisance\u00a0\u00bb.<\/em> La th\u00e9matique\u00a0 fait observer \u00e0 l\u2019<strong>ambassade des Unis au Cameroun<\/strong> que le journaliste camerounais exerce dans un environnement aust\u00e8re.<\/p>\n<p class=\"c6\">\u00ab\u00a0<em>Malheureusement, dans l\u2019exercice de leurs fonctions, des journalistes continuent de\u00a0 faire face \u00e0 de nombreux obstacles. L\u2019ambassade des \u00c9tats-Unis est pr\u00e9occup\u00e9e par la situation\u00a0 de nombreux journalistes et professionnels des m\u00e9dias au Cameroun qui sont victimes de\u00a0menaces, d\u2019actes de coercition financi\u00e8re, d\u2019arrestations et d\u2019enl\u00e8vements, dans un contexte\u00a0 marqu\u00e9 par la recrudescence de la d\u00e9sinformation<\/em>\u00a0\u00bb, d\u00e9plore l\u2019institution que dirige <strong>Peter Henry Barlerin<\/strong>.<\/p>\n<p class=\"c6\">Pour les \u00c9tats-Unis, le r\u00f4le des journalistes est essentiel dans la d\u00e9mocratie. Notamment dans la promotion de la transparence, de l\u2019inclusion des\u00a0 populations d\u00e9favoris\u00e9es, et le suivi des actions des gouvernements afin qu\u2019ils soient \u00a0responsables de leurs\u00a0actes. L\u2019ambassade pense que <em>\u00ab\u00a0l\u2019existence d\u2019organes de presse ind\u00e9pendants est indispensable \u00e0 la bonne marche de toute\u00a0 d\u00e9mocratie<\/em>\u00a0\u00bb.<\/p>\n<p class=\"c6\">Au moment o\u00f9 les USA honorent la presse camerounaise dans un communiqu\u00e9 publi\u00e9 ce 3 mai, des \u00e9diteurs de presse annoncent depuis hier une journ\u00e9e \u00ab\u00a0presse morte\u00a0\u00bb\u00a0 le 4 mai prochain. En d\u00e9nonciation de certains actes du gouvernement, qui selon eux, contribuent\u00a0 \u00e0 fragiliser la presse.\u00a0Les \u00e9diteurs de presse citent entre autres : le blocage des reformes importantes du secteur, et l\u2019inexistence\u00a0 de mesures de soutien des m\u00e9dias en ce temps de crise sanitaire du <strong>Covid-19<\/strong>.<\/p>\n<\/div>\n<p>Auteur: Christian DJIMADEU<br \/>\n<a href=\"https:\/\/www.journalducameroun.com\/cameroun-la-situation-des-journalistes-preoccupe-les-etats-unis-cameroun\/\">Cliquez ici pour lire l&rsquo;article depuis sa source.<\/a><\/p>\n","protected":false},"excerpt":{"rendered":"<p>Publi\u00e9 le 03.05.2020 \u00e0 11h22 par Christian Djimadeu A l\u2019occasion de la Journ\u00e9e mondiale de la libert\u00e9 de la presse qui se c\u00e9l\u00e8bre ce 3 mai, le pays de Donald Trump \u2013 par son ambassade \u00e0 Yaound\u00e9 \u2013 d\u00e9plore les abus dont sont victimes les hommes de m\u00e9dias au Cameroun. La 27e Journ\u00e9e mondiale de [&hellip;]<\/p>\n","protected":false},"author":1965,"featured_media":0,"comment_status":"closed","ping_status":"closed","sticky":false,"template":"","format":"standard","meta":{"fifu_image_url":"","fifu_image_alt":"","footnotes":""},"categories":[73,82],"tags":[],"class_list":["post-84111","post","type-post","status-publish","format-standard","hentry","category-actualite","category-cameroun"],"_links":{"self":[{"href":"https:\/\/linitiative.ca\/International\/wp-json\/wp\/v2\/posts\/84111","targetHints":{"allow":["GET"]}}],"collection":[{"href":"https:\/\/linitiative.ca\/International\/wp-json\/wp\/v2\/posts"}],"about":[{"href":"https:\/\/linitiative.ca\/International\/wp-json\/wp\/v2\/types\/post"}],"author":[{"embeddable":true,"href":"https:\/\/linitiative.ca\/International\/wp-json\/wp\/v2\/users\/1965"}],"replies":[{"embeddable":true,"href":"https:\/\/linitiative.ca\/International\/wp-json\/wp\/v2\/comments?post=84111"}],"version-history":[{"count":0,"href":"https:\/\/linitiative.ca\/International\/wp-json\/wp\/v2\/posts\/84111\/revisions"}],"wp:attachment":[{"href":"https:\/\/linitiative.ca\/International\/wp-json\/wp\/v2\/media?parent=84111"}],"wp:term":[{"taxonomy":"category","embeddable":true,"href":"https:\/\/linitiative.ca\/International\/wp-json\/wp\/v2\/categories?post=84111"},{"taxonomy":"post_tag","embeddable":true,"href":"https:\/\/linitiative.ca\/International\/wp-json\/wp\/v2\/tags?post=84111"}],"curies":[{"name":"wp","href":"https:\/\/api.w.org\/{rel}","templated":true}]}}