{"id":84112,"date":"2020-05-02T19:32:00","date_gmt":"2020-05-02T23:32:00","guid":{"rendered":"https:\/\/linitiative.ca\/International\/jouer-pour-le-mali-a-ete-la-plus-belle-chose-qui-mest-arrivee\/"},"modified":"2020-05-02T19:32:00","modified_gmt":"2020-05-02T23:32:00","slug":"jouer-pour-le-mali-a-ete-la-plus-belle-chose-qui-mest-arrivee","status":"publish","type":"post","link":"https:\/\/linitiative.ca\/International\/jouer-pour-le-mali-a-ete-la-plus-belle-chose-qui-mest-arrivee\/","title":{"rendered":"<div>\u00ab\u00a0Jouer pour le Mali a \u00e9t\u00e9 la plus belle chose qui m\u2019est arriv\u00e9e !\u00a0\u00bb<\/div>"},"content":{"rendered":"<p class=\"MsoNormal c8\"><strong><span class=\"c2\">Consid\u00e9r\u00e9 comme l\u2019un des meilleurs attaquants africains de tous les temps, Fr\u00e9d\u00e9ric Omar Kanout\u00e9 aurait pu d\u00e9fendre le maillot de l\u2019Equipe de France, apr\u00e8s avoir fait toute sa formation dans l\u2019hexagone, mais il a finalement pench\u00e9 pour son pays d\u2019origine, le Mali. La suite, pour l\u2019ex capitaine des Aigles, c\u2019est 43 capes et 27 r\u00e9alisations avec la s\u00e9lection malienne. Il demeure \u00e0 ce jour le meilleur buteur de l\u2019histoire du Mali.<\/span><\/strong><br \/><span class=\"c4\">V\u00e9ritable machine \u00e0 marquer, dot\u00e9 d\u2019une rare r\u00e9gularit\u00e9, l\u2019ex-canonnier de Tottenham, de West Ham et de l\u2019Olympique Lyonnais s&rsquo;est r\u00e9v\u00e9l\u00e9 aux yeux du monde entier en<span class=\"apple-converted-space\">\u00a0<\/span><strong><span class=\"c3\">Espagne<\/span><\/strong>, du c\u00f4t\u00e9 du<span class=\"apple-converted-space\">\u00a0<\/span><strong><span class=\"c3\">FC S\u00e9ville<\/span><\/strong>, club qu\u2019il a marqu\u00e9 de son empreinte pendant sept saisons entre 2005 et 2012.<br \/>Elu meilleur joueur \u00e9tranger de l&rsquo;histoire de la prestigieuse institution andalouse, il en est \u00e9galement le meilleur buteur \u00e9tranger avec plus de<span class=\"apple-converted-space\">\u00a0<\/span><strong><span class=\"c3\">130 buts<\/span><\/strong>, le quatri\u00e8me meilleur buteur toutes nationalit\u00e9s confondues et le meilleur buteur tout court en comp\u00e9tition europ\u00e9enne.<br \/>Le \u00abserial-buteur\u00bb de<span class=\"apple-converted-space\">\u00a0<\/span><strong><span class=\"c3\">Bamako<\/span><\/strong><span class=\"apple-converted-space\">\u00a0<\/span>a d\u00e9croch\u00e9 \u00e9galement pas moins de six prestigieux troph\u00e9es collectifs sous le maillot s\u00e9villan dont deux<\/span><span class=\"c6\"><strong><span class=\"c5\">Ligues Europa<\/span><\/strong><\/span><span class=\"apple-converted-space\"><span class=\"c7\">\u00a0<\/span><\/span><span class=\"c4\">cons\u00e9cutives en 2006 et en 2007.<\/span><\/p>\n<p>Ayant jou\u00e9 pour la<span class=\"apple-converted-space\">\u00a0<\/span><strong><span class=\"c3\">France<\/span><\/strong><span class=\"apple-converted-space\">\u00a0<\/span>en U19 et en \u00e9quipe B,<span class=\"apple-converted-space\">\u00a0<\/span><strong><span class=\"c3\">Kanout\u00e9<\/span><\/strong><span class=\"apple-converted-space\">\u00a0<\/span>a pourtant d\u00e9cid\u00e9 d\u2019endosser les couleurs du<span class=\"apple-converted-space\">\u00a0<\/span><strong><span class=\"c3\">Mali<\/span><\/strong><span class=\"apple-converted-space\">\u00a0<\/span>en 2004. Un choix qu\u2019il a toujours assum\u00e9 avec fiert\u00e9 et qui lui a permis de devenir en 2007 le premier Ballon d\u2019or africain \u00e0 \u00eatre n\u00e9 sur un autre continent que l\u2019Afrique.<\/p>\n<p><em>\u00ab Jouer pour le Mali a \u00e9t\u00e9 la plus belle chose qui m\u2019est arriv\u00e9e dans ma carri\u00e8re. Franchement j\u2019avais les moyens de jouer pour la France. Mais je voulais redonner quelque chose \u00e0 mon pays en l\u2019aidant \u00e0 d\u00e9velopper son football. Quand je rentre au pays, l\u2019accueil est incroyable, toutes les portes me sont ouvertes, chose que je n\u2019aurai jamais eue en France \u00bb<\/em> a d\u00e9clar\u00e9<span class=\"apple-converted-space\">\u00a0<\/span><strong><span class=\"c3\">Omar Kanout\u00e9<\/span><\/strong><span class=\"apple-converted-space\">\u00a0<\/span>dans les colonnes du journal \u00e9lectronique Gulf News en juin 2007.<\/p>\n<p>Son seul regret demeure toutefois le fait de n\u2019avoir rien gagn\u00e9 sur la sc\u00e8ne internationale durant sa glorieuse \u00e9pop\u00e9e au sein du nid des<strong><span class=\"c3\">Aigles<\/span><\/strong>, et ce, malgr\u00e9 une demi-finale de la<span class=\"apple-converted-space\">\u00a0<\/span><strong><span class=\"c3\">CAN 2004<\/span><\/strong><span class=\"apple-converted-space\">\u00a0<\/span>en Tunisie.<\/p>\n<p>Auteur: letemps1<br \/>\n<a href=\"http:\/\/www.letemps.com.tn\/article\/113490\/jouer-pour-le-mali-%C3%A9t%C3%A9-la-plus-belle-chose-qui-m%E2%80%99est-arriv%C3%A9e\">Cliquez ici pour lire l&rsquo;article depuis sa source.<\/a><\/p>\n","protected":false},"excerpt":{"rendered":"<p>Consid\u00e9r\u00e9 comme l\u2019un des meilleurs attaquants africains de tous les temps, Fr\u00e9d\u00e9ric Omar Kanout\u00e9 aurait pu d\u00e9fendre le maillot de l\u2019Equipe de France, apr\u00e8s avoir fait toute sa formation dans l\u2019hexagone, mais il a finalement pench\u00e9 pour son pays d\u2019origine, le Mali. La suite, pour l\u2019ex capitaine des Aigles, c\u2019est 43 capes et 27 r\u00e9alisations [&hellip;]<\/p>\n","protected":false},"author":1773,"featured_media":0,"comment_status":"closed","ping_status":"closed","sticky":false,"template":"","format":"standard","meta":{"fifu_image_url":"","fifu_image_alt":"","footnotes":""},"categories":[73,55],"tags":[],"class_list":["post-84112","post","type-post","status-publish","format-standard","hentry","category-actualite","category-tunisie"],"_links":{"self":[{"href":"https:\/\/linitiative.ca\/International\/wp-json\/wp\/v2\/posts\/84112","targetHints":{"allow":["GET"]}}],"collection":[{"href":"https:\/\/linitiative.ca\/International\/wp-json\/wp\/v2\/posts"}],"about":[{"href":"https:\/\/linitiative.ca\/International\/wp-json\/wp\/v2\/types\/post"}],"author":[{"embeddable":true,"href":"https:\/\/linitiative.ca\/International\/wp-json\/wp\/v2\/users\/1773"}],"replies":[{"embeddable":true,"href":"https:\/\/linitiative.ca\/International\/wp-json\/wp\/v2\/comments?post=84112"}],"version-history":[{"count":0,"href":"https:\/\/linitiative.ca\/International\/wp-json\/wp\/v2\/posts\/84112\/revisions"}],"wp:attachment":[{"href":"https:\/\/linitiative.ca\/International\/wp-json\/wp\/v2\/media?parent=84112"}],"wp:term":[{"taxonomy":"category","embeddable":true,"href":"https:\/\/linitiative.ca\/International\/wp-json\/wp\/v2\/categories?post=84112"},{"taxonomy":"post_tag","embeddable":true,"href":"https:\/\/linitiative.ca\/International\/wp-json\/wp\/v2\/tags?post=84112"}],"curies":[{"name":"wp","href":"https:\/\/api.w.org\/{rel}","templated":true}]}}