{"id":84115,"date":"2020-05-03T06:30:00","date_gmt":"2020-05-03T10:30:00","guid":{"rendered":"https:\/\/linitiative.ca\/International\/marouane-el-abassi-le-marche-des-changes-va-preserver-un-certain-equilibre-en-termes-doffre-et-de-demande-de-devises\/"},"modified":"2020-05-03T06:30:00","modified_gmt":"2020-05-03T10:30:00","slug":"marouane-el-abassi-le-marche-des-changes-va-preserver-un-certain-equilibre-en-termes-doffre-et-de-demande-de-devises","status":"publish","type":"post","link":"https:\/\/linitiative.ca\/International\/marouane-el-abassi-le-marche-des-changes-va-preserver-un-certain-equilibre-en-termes-doffre-et-de-demande-de-devises\/","title":{"rendered":"Marouane El Abassi : le march\u00e9 des changes va pr\u00e9server un certain \u00e9quilibre en termes d\u2019offre et de demande de devises"},"content":{"rendered":"<p><span class=\"c3\">Comment se comporte le dinar tunisien en cette conjoncture bien difficile, et avec quel impact sur le march\u00e9 des changes\u00a0? Aussi, la convertibilit\u00e9 du dinar est-elle abandonn\u00e9e, ne serait-ce que pour le moment. Le gouverner de la Banque centrale, Marouane El Abassi y apporte des r\u00e9ponses claires dans son interview \u00e0 <span class=\"c2\"><strong>Leaders<\/strong><\/span>.<\/span><\/p>\n<p><span class=\"c4\"><strong>Le dinar tiendra-t-il le coup\u00a0?<\/strong><\/span><\/p>\n<p>A l\u2019instar des autres pays, l\u2019\u00e9conomie tunisienne serait fortement impact\u00e9e par la crise du Covid-19. En revanche, nous nous attendons \u00e0 une \u00e9volution moins contraignante au niveau de la balance courante avec un d\u00e9ficit qui va marquer une baisse significative en 2020 \u00e0 7.5% du PIB contre 8.8% en 2019. En effet, la contraction pr\u00e9vue des importations se traduira par une baisse des importations, avec en particulier la diminution de la facture \u00e9nerg\u00e9tique due \u00e0 la chute des prix internationaux du p\u00e9trole. Elle permettra de compenser une bonne partie de la baisse projet\u00e9e des recettes en devises provenant des exportations de biens, du tourisme et des transferts des travailleurs \u00e0 l\u2019\u00e9tranger.<\/p>\n<p>La baisse du d\u00e9ficit courant va \u00eatre accompagn\u00e9e par un afflux de capitaux importants sous forme de financements ext\u00e9rieurs au profit du secteur public et priv\u00e9 dans le sillage de la mobilisation tr\u00e8s engag\u00e9e de toutes les institutions financi\u00e8res internationales, comme je l\u2019ai \u00e9voqu\u00e9, pour appuyer la Tunisie et relancer l\u2019activit\u00e9 \u00e9conomique.<\/p>\n<p>Au vu de ces projections de la balance des paiements, nous estimons que le march\u00e9 des changes va pr\u00e9server un certain \u00e9quilibre en termes d\u2019offre et de demande de devises, ce qui \u00e9carte le risque de pressions particuli\u00e8rement fortes sur la valeur du dinar au cours des prochains mois.<\/p>\n<p>Le niveau du stock des r\u00e9serves en devises de la BCT offre \u00e9galement aujourd\u2019hui un certain confort pour amortir le choc de la crise du Covid-19.<\/p>\n<p><strong><span class=\"c4\">La convertibilit\u00e9 totale aurait-elle \u00e9t\u00e9 abandonn\u00e9e\u00a0?<\/span><\/strong><\/p>\n<p>Qu\u2019on se le dise sans d\u00e9tour, la Banque centrale de Tunisie\u00a0n\u2019a jamais redout\u00e9 de lib\u00e9raliser\u00a0! Mieux, elle demeure convaincue que l\u2019acc\u00e8s \u00e0 l\u2019international sous toutes les formes possibles rel\u00e8verait plus de la survie pour l\u2019\u00e9conomie nationale. D\u2019ailleurs, depuis 2018, un certain nombre de mesures d\u2019assouplissement ont \u00e9t\u00e9 introduites et cette d\u00e9marche s\u2019est poursuivie en 2019 et continuera en 2020.<\/p>\n<p>La Banque centrale de Tunisie demeure \u00e0 l\u2019\u00e9coute des attentes, l\u00e9gitimes et rationnelles, des op\u00e9rateurs. Elle demeure fortement engag\u00e9e dans ce chantier de lev\u00e9e progressive des restrictions de change et ce, en parfaite concertation avec les diff\u00e9rentes parties prenantes et en interaction avec son environnement national et international et des pratiques ancr\u00e9es avec la mise en place d\u2019une nouvelle politique de communication, caract\u00e9ris\u00e9e par la transparence et l\u2019ouverture.<\/p>\n<p>Cependant, la crise du coronavirus engendrera des changements profonds au niveau de chaque pays et au niveau international. Elle vient nous rappeler que les risques de la convertibilit\u00e9 totale demeurent \u00e9lev\u00e9s pour les pays \u00e9mergents. En effet, une telle d\u00e9cision requiert au pr\u00e9alable des conditions macro\u00e9conomiques favorables afin de profiter de ses b\u00e9n\u00e9fices et de minimiser ses risques face \u00e0 la volatilit\u00e9 des flux de capitaux.\u00a0\u00a0<\/p>\n<p>Ainsi, la question n\u2019est pas d\u2019adopter ou non la convertibilit\u00e9. Elle porte plut\u00f4t sur le fait de se concerter pour r\u00e9viser le planning et la priorisation des futures mesures \u00e0 adopter, surtout celles qui ne rel\u00e8vent pas des attributions de la BCT. L\u2019objectif \u00e9tant de coordonner entre le timing parfait et les capacit\u00e9s de notre \u00e9conomie \u00e0 interagir tout en tenant compte aussi des nouveaux d\u00e9fis pos\u00e9s aujourd\u2019hui en mati\u00e8re de politique budg\u00e9taire et sociale.<\/p>\n<p>Auteur:<br \/>\n<a href=\"https:\/\/www.leaders.com.tn\/article\/29822-marouane-el-abassi-a-leaders-marche-des-changes-un-certain-equilibre\">Cliquez ici pour lire l&rsquo;article depuis sa source.<\/a><\/p>\n","protected":false},"excerpt":{"rendered":"<p>Comment se comporte le dinar tunisien en cette conjoncture bien difficile, et avec quel impact sur le march\u00e9 des changes\u00a0? Aussi, la convertibilit\u00e9 du dinar est-elle abandonn\u00e9e, ne serait-ce que pour le moment. Le gouverner de la Banque centrale, Marouane El Abassi y apporte des r\u00e9ponses claires dans son interview \u00e0 Leaders. Le dinar tiendra-t-il [&hellip;]<\/p>\n","protected":false},"author":1772,"featured_media":0,"comment_status":"closed","ping_status":"closed","sticky":false,"template":"","format":"standard","meta":{"fifu_image_url":"","fifu_image_alt":"","footnotes":""},"categories":[73,55],"tags":[],"class_list":["post-84115","post","type-post","status-publish","format-standard","hentry","category-actualite","category-tunisie"],"_links":{"self":[{"href":"https:\/\/linitiative.ca\/International\/wp-json\/wp\/v2\/posts\/84115","targetHints":{"allow":["GET"]}}],"collection":[{"href":"https:\/\/linitiative.ca\/International\/wp-json\/wp\/v2\/posts"}],"about":[{"href":"https:\/\/linitiative.ca\/International\/wp-json\/wp\/v2\/types\/post"}],"author":[{"embeddable":true,"href":"https:\/\/linitiative.ca\/International\/wp-json\/wp\/v2\/users\/1772"}],"replies":[{"embeddable":true,"href":"https:\/\/linitiative.ca\/International\/wp-json\/wp\/v2\/comments?post=84115"}],"version-history":[{"count":0,"href":"https:\/\/linitiative.ca\/International\/wp-json\/wp\/v2\/posts\/84115\/revisions"}],"wp:attachment":[{"href":"https:\/\/linitiative.ca\/International\/wp-json\/wp\/v2\/media?parent=84115"}],"wp:term":[{"taxonomy":"category","embeddable":true,"href":"https:\/\/linitiative.ca\/International\/wp-json\/wp\/v2\/categories?post=84115"},{"taxonomy":"post_tag","embeddable":true,"href":"https:\/\/linitiative.ca\/International\/wp-json\/wp\/v2\/tags?post=84115"}],"curies":[{"name":"wp","href":"https:\/\/api.w.org\/{rel}","templated":true}]}}