{"id":84117,"date":"2020-05-03T07:46:53","date_gmt":"2020-05-03T11:46:53","guid":{"rendered":"https:\/\/linitiative.ca\/International\/international-de-bruyne-pourrait-tourner-le-dos-a-manchester-city\/"},"modified":"2020-05-03T07:46:53","modified_gmt":"2020-05-03T11:46:53","slug":"international-de-bruyne-pourrait-tourner-le-dos-a-manchester-city","status":"publish","type":"post","link":"https:\/\/linitiative.ca\/International\/international-de-bruyne-pourrait-tourner-le-dos-a-manchester-city\/","title":{"rendered":"International : De Bruyne pourrait tourner le dos \u00e0 Manchester City"},"content":{"rendered":"<div readability=\"32\">\n<p>Auteur : <span class=\"time\">samedi 02 mai 2020 20:23<\/span><\/p>\n<\/div>\n<div id=\"post_core\" readability=\"58\">\n<p>De Bruyne reste attach\u00e9 \u00e0 Manchester City, mais reconna\u00eet que deux saisons sans la Ligue des Champions seraient difficiles \u00e0 supporter :<\/p>\n<p>\u00ab\u00a0Pour l&rsquo;instant, j&rsquo;attends\u00a0\u00bb, a expliqu\u00e9 le milieu de terrain dans une interview \u00e0 HLN. \u00ab\u00a0Le club nous a dit qu&rsquo;il allait faire appel et qu&rsquo;il \u00e9tait presque s\u00fbr \u00e0 100% d&rsquo;\u00eatre dans son bon droit. C&rsquo;est pourquoi j&rsquo;attends de voir ce qui va se passer. Je fais confiance \u00e0 mon club. Une fois la d\u00e9cision finale annonc\u00e9e, je passerai tout en revue. Deux ans sans football europ\u00e9en, ce serait long. Si c&rsquo;est un an, je verrai peut-\u00eatre.\u00a0\u00bb<\/p>\n<p>Le manager des Citizens, Pep Guardiola, est une autre figure importante du club et dont l&rsquo;avenir s&rsquo;annonce incertain, mais De Bruyne insiste sur le fait que son avenir ne d\u00e9pend pas de celui de son coach : \u00ab\u00a0Je pense que Pep a dit qu&rsquo;il resterait la derni\u00e8re ann\u00e9e [de son contrat] de toute fa\u00e7on. Ensuite, son contrat prend fin. Mais je ne laisserai pas ma d\u00e9cision d\u00e9pendre de ce que Pep fait\u00a0\u00bb, a-t-il assur\u00e9. \u00ab\u00a0Bien s\u00fbr, j&rsquo;ai d\u00e9j\u00e0 travaill\u00e9 avec d&rsquo;autres entra\u00eeneurs et quand Pep partira, alors je devrais continuer \u00e0 travailler avec quelqu&rsquo;un d&rsquo;autre. Mais je n&rsquo;y ai pas vraiment pr\u00eat\u00e9 attention pour le moment. Il y a des choses plus importantes en ce moment.\u00a0\u00bb Des propos relay\u00e9s par Goal.<\/p>\n<p><strong>Publi\u00e9 dans :<\/strong> <span>Manchester City<\/span><\/p>\n<\/div>\n<p>Auteur:<br \/>\n<a href=\"http:\/\/www.lebuteur.com\/article\/detail?titre=de-bruyne-pourrait-tourner-le-dos-a-manchester-city&#038;id=95812&#038;utm_source=feedburner&#038;utm_medium=feed&#038;utm_campaign=Feed%3A+GalerieFArtciles+%28Les+derniers+articles++-+lebuteur.com%29\">Cliquez ici pour lire l&rsquo;article depuis sa source.<\/a><\/p>\n","protected":false},"excerpt":{"rendered":"<p>Auteur : samedi 02 mai 2020 20:23 De Bruyne reste attach\u00e9 \u00e0 Manchester City, mais reconna\u00eet que deux saisons sans la Ligue des Champions seraient difficiles \u00e0 supporter : \u00ab\u00a0Pour l&rsquo;instant, j&rsquo;attends\u00a0\u00bb, a expliqu\u00e9 le milieu de terrain dans une interview \u00e0 HLN. \u00ab\u00a0Le club nous a dit qu&rsquo;il allait faire appel et qu&rsquo;il \u00e9tait [&hellip;]<\/p>\n","protected":false},"author":1738,"featured_media":84118,"comment_status":"closed","ping_status":"closed","sticky":false,"template":"","format":"standard","meta":{"fifu_image_url":"","fifu_image_alt":"","footnotes":""},"categories":[53,75],"tags":[],"class_list":["post-84117","post","type-post","status-publish","format-standard","has-post-thumbnail","hentry","category-algerie","category-sport"],"_links":{"self":[{"href":"https:\/\/linitiative.ca\/International\/wp-json\/wp\/v2\/posts\/84117","targetHints":{"allow":["GET"]}}],"collection":[{"href":"https:\/\/linitiative.ca\/International\/wp-json\/wp\/v2\/posts"}],"about":[{"href":"https:\/\/linitiative.ca\/International\/wp-json\/wp\/v2\/types\/post"}],"author":[{"embeddable":true,"href":"https:\/\/linitiative.ca\/International\/wp-json\/wp\/v2\/users\/1738"}],"replies":[{"embeddable":true,"href":"https:\/\/linitiative.ca\/International\/wp-json\/wp\/v2\/comments?post=84117"}],"version-history":[{"count":0,"href":"https:\/\/linitiative.ca\/International\/wp-json\/wp\/v2\/posts\/84117\/revisions"}],"wp:featuredmedia":[{"embeddable":true,"href":"https:\/\/linitiative.ca\/International\/wp-json\/"}],"wp:attachment":[{"href":"https:\/\/linitiative.ca\/International\/wp-json\/wp\/v2\/media?parent=84117"}],"wp:term":[{"taxonomy":"category","embeddable":true,"href":"https:\/\/linitiative.ca\/International\/wp-json\/wp\/v2\/categories?post=84117"},{"taxonomy":"post_tag","embeddable":true,"href":"https:\/\/linitiative.ca\/International\/wp-json\/wp\/v2\/tags?post=84117"}],"curies":[{"name":"wp","href":"https:\/\/api.w.org\/{rel}","templated":true}]}}