{"id":84119,"date":"2020-05-02T15:04:54","date_gmt":"2020-05-02T19:04:54","guid":{"rendered":"https:\/\/linitiative.ca\/International\/le-ministere-des-affaires-etrangeres-nie-tout-lien-avec-la-plateforme-%e2%80%aarapatriement-ma%e2%80%ac\/"},"modified":"2020-05-02T15:04:54","modified_gmt":"2020-05-02T19:04:54","slug":"le-ministere-des-affaires-etrangeres-nie-tout-lien-avec-la-plateforme-%e2%80%aarapatriement-ma%e2%80%ac","status":"publish","type":"post","link":"https:\/\/linitiative.ca\/International\/le-ministere-des-affaires-etrangeres-nie-tout-lien-avec-la-plateforme-%e2%80%aarapatriement-ma%e2%80%ac\/","title":{"rendered":"Le minist\u00e8re des affaires \u00e9trang\u00e8res nie tout lien avec la plateforme  \u201c\u202arapatriement.ma\u202c\u201d"},"content":{"rendered":"<header>\n<\/header>\n<div class=\"entry-content clearfix\" readability=\"50.0129032258\"><img decoding=\"async\" class=\"post_layout_5_img\" src=\"http:\/\/aujourdhui.ma\/wp-content\/uploads\/2020\/05\/rapatriement.ma_.jpg\" alt=\"Le minist&#xE8;re des affaires &#xE9;trang&#xE8;res nie tout lien avec la plateforme &#x201C;&#x202A;rapatriement.ma&#x202C;&#x201D;\"\/><\/p>\n<p><span class=\"c7\"><span class=\"c6\"><strong>Depuis quelques jours, les r\u00e9seaux se sont fait l\u2019\u00e9cho de l\u2019ouverture d\u2019une plateforme, <span class=\"c5\"><a class=\"c4\" href=\"http:\/\/rapatriement.ma\" target=\"_blank\" rel=\"noopener noreferrer\">\u202arapatriement.ma<\/a><\/span>\u202c que beaucoup croyaient ou pr\u00e9sentaient comme \u00e9tant une initiative du minist\u00e8re des affaires \u00e9trang\u00e8res afin de recenser les ressortissants marocains bloqu\u00e9s \u00e0 l\u2019\u00e9tranger dans la perspectives de leur rapatriement.<\/strong><\/span> <span id=\"more-343703\"\/><\/span><\/p>\n<p>Or des sources autoris\u00e9es au MAEC, dans une d\u00e9claration \u00e0 Aujourd\u2019hui le Maroc, affirment que le d\u00e9partement n\u2019a strictement aucun lien avec cette plateforme. Les m\u00eames sources mettent en garde \u00e9galement contre un amalgame qui serait pr\u00e9judiciable surtout aux personnes qui vont s\u2019inscrire sur la plateforme sur la base de faux espoirs.<\/p>\n<p>Quant aux op\u00e9rations de recensement des Marocains bloqu\u00e9s, indique-t-on au minist\u00e8re, ce sont les ambassades et les consulats du Royaume qui s\u2019en sont occup\u00e9s, qui ont communiqu\u00e9s avec eux et qui assurent le suivi de leur situation.<\/p>\n<\/div>\n<p>Auteur: ALM<br \/>\n<a href=\"http:\/\/aujourdhui.ma\/societe\/le-ministere-des-affaires-etrangeres-nie-tout-lien-avec-la-plateforme-%E2%80%AArapatriement-ma%E2%80%AC\">Cliquez ici pour lire l&rsquo;article depuis sa source.<\/a><\/p>\n","protected":false},"excerpt":{"rendered":"<p>Depuis quelques jours, les r\u00e9seaux se sont fait l\u2019\u00e9cho de l\u2019ouverture d\u2019une plateforme, \u202arapatriement.ma\u202c que beaucoup croyaient ou pr\u00e9sentaient comme \u00e9tant une initiative du minist\u00e8re des affaires \u00e9trang\u00e8res afin de recenser les ressortissants marocains bloqu\u00e9s \u00e0 l\u2019\u00e9tranger dans la perspectives de leur rapatriement. Or des sources autoris\u00e9es au MAEC, dans une d\u00e9claration \u00e0 Aujourd\u2019hui le [&hellip;]<\/p>\n","protected":false},"author":1759,"featured_media":0,"comment_status":"closed","ping_status":"closed","sticky":false,"template":"","format":"standard","meta":{"fifu_image_url":"","fifu_image_alt":"","footnotes":""},"categories":[73,54],"tags":[],"class_list":["post-84119","post","type-post","status-publish","format-standard","hentry","category-actualite","category-maroc"],"_links":{"self":[{"href":"https:\/\/linitiative.ca\/International\/wp-json\/wp\/v2\/posts\/84119","targetHints":{"allow":["GET"]}}],"collection":[{"href":"https:\/\/linitiative.ca\/International\/wp-json\/wp\/v2\/posts"}],"about":[{"href":"https:\/\/linitiative.ca\/International\/wp-json\/wp\/v2\/types\/post"}],"author":[{"embeddable":true,"href":"https:\/\/linitiative.ca\/International\/wp-json\/wp\/v2\/users\/1759"}],"replies":[{"embeddable":true,"href":"https:\/\/linitiative.ca\/International\/wp-json\/wp\/v2\/comments?post=84119"}],"version-history":[{"count":0,"href":"https:\/\/linitiative.ca\/International\/wp-json\/wp\/v2\/posts\/84119\/revisions"}],"wp:attachment":[{"href":"https:\/\/linitiative.ca\/International\/wp-json\/wp\/v2\/media?parent=84119"}],"wp:term":[{"taxonomy":"category","embeddable":true,"href":"https:\/\/linitiative.ca\/International\/wp-json\/wp\/v2\/categories?post=84119"},{"taxonomy":"post_tag","embeddable":true,"href":"https:\/\/linitiative.ca\/International\/wp-json\/wp\/v2\/tags?post=84119"}],"curies":[{"name":"wp","href":"https:\/\/api.w.org\/{rel}","templated":true}]}}