{"id":84120,"date":"2020-05-03T07:46:55","date_gmt":"2020-05-03T11:46:55","guid":{"rendered":"https:\/\/linitiative.ca\/International\/pros-psg-le-transfert-de-bennacer-toujours-possible-et-voila-ce-qui-pourrait-convaincre-le-milan-ac\/"},"modified":"2020-05-03T07:46:55","modified_gmt":"2020-05-03T11:46:55","slug":"pros-psg-le-transfert-de-bennacer-toujours-possible-et-voila-ce-qui-pourrait-convaincre-le-milan-ac","status":"publish","type":"post","link":"https:\/\/linitiative.ca\/International\/pros-psg-le-transfert-de-bennacer-toujours-possible-et-voila-ce-qui-pourrait-convaincre-le-milan-ac\/","title":{"rendered":"Pros : PSG : Le transfert de Bennacer toujours possible et voila ce qui pourrait convaincre le Milan AC"},"content":{"rendered":"<div readability=\"32\">\n<p>Auteur : <span class=\"time\">samedi 02 mai 2020 21:01<\/span><\/p>\n<\/div>\n<div id=\"post_core\" readability=\"39\">\n<p>Et le directeur sportif br\u00e9silien du PSG aurait ses chances l&rsquo;international alg\u00e9rien. C\u2019est du moins ce que r\u00e9v\u00e8le Calciomercato.com que rapporte Le10sport. Le m\u00e9dia transalpin a certes assur\u00e9 que le club rossoneri compterait sur Isma\u00ebl Bennacer et sur Theo Hernandez pour redonner de l\u2019\u00e9lan au projet milanais la saison prochaine. Cependant, le Milan AC ne compterait pas s\u2019asseoir sur un beau pactole. En effet, afin d\u2019ouvrir des n\u00e9gociations s\u00e9rieuses pour un transfert de Bennacer, le PSG devrait proposer une offre de 30M\u20ac, minimum&#8230;<\/p>\n<p><strong>Publi\u00e9 dans :<\/strong> <span>BENNACER<\/span><\/p>\n<\/div>\n<p>Auteur:<br \/>\n<a href=\"http:\/\/www.lebuteur.com\/article\/detail?titre=psg-le-transfert-de-bennacer-toujours-possible-et-voila-ce-qui-pourrait-convaincre-le-milan-ac&#038;id=95813&#038;utm_source=feedburner&#038;utm_medium=feed&#038;utm_campaign=Feed%3A+GalerieFArtciles+%28Les+derniers+articles++-+lebuteur.com%29\">Cliquez ici pour lire l&rsquo;article depuis sa source.<\/a><\/p>\n","protected":false},"excerpt":{"rendered":"<p>Auteur : samedi 02 mai 2020 21:01 Et le directeur sportif br\u00e9silien du PSG aurait ses chances l&rsquo;international alg\u00e9rien. C\u2019est du moins ce que r\u00e9v\u00e8le Calciomercato.com que rapporte Le10sport. Le m\u00e9dia transalpin a certes assur\u00e9 que le club rossoneri compterait sur Isma\u00ebl Bennacer et sur Theo Hernandez pour redonner de l\u2019\u00e9lan au projet milanais la [&hellip;]<\/p>\n","protected":false},"author":1738,"featured_media":84122,"comment_status":"closed","ping_status":"closed","sticky":false,"template":"","format":"standard","meta":{"fifu_image_url":"","fifu_image_alt":"","footnotes":""},"categories":[53,75],"tags":[],"class_list":["post-84120","post","type-post","status-publish","format-standard","has-post-thumbnail","hentry","category-algerie","category-sport"],"_links":{"self":[{"href":"https:\/\/linitiative.ca\/International\/wp-json\/wp\/v2\/posts\/84120","targetHints":{"allow":["GET"]}}],"collection":[{"href":"https:\/\/linitiative.ca\/International\/wp-json\/wp\/v2\/posts"}],"about":[{"href":"https:\/\/linitiative.ca\/International\/wp-json\/wp\/v2\/types\/post"}],"author":[{"embeddable":true,"href":"https:\/\/linitiative.ca\/International\/wp-json\/wp\/v2\/users\/1738"}],"replies":[{"embeddable":true,"href":"https:\/\/linitiative.ca\/International\/wp-json\/wp\/v2\/comments?post=84120"}],"version-history":[{"count":0,"href":"https:\/\/linitiative.ca\/International\/wp-json\/wp\/v2\/posts\/84120\/revisions"}],"wp:featuredmedia":[{"embeddable":true,"href":"https:\/\/linitiative.ca\/International\/wp-json\/"}],"wp:attachment":[{"href":"https:\/\/linitiative.ca\/International\/wp-json\/wp\/v2\/media?parent=84120"}],"wp:term":[{"taxonomy":"category","embeddable":true,"href":"https:\/\/linitiative.ca\/International\/wp-json\/wp\/v2\/categories?post=84120"},{"taxonomy":"post_tag","embeddable":true,"href":"https:\/\/linitiative.ca\/International\/wp-json\/wp\/v2\/tags?post=84120"}],"curies":[{"name":"wp","href":"https:\/\/api.w.org\/{rel}","templated":true}]}}