{"id":84121,"date":"2020-05-03T07:46:56","date_gmt":"2020-05-03T11:46:56","guid":{"rendered":"https:\/\/linitiative.ca\/International\/les-masques-qui-demasquent-la-mauvaise-gouvernance-laissez-les-industriels-exporter\/"},"modified":"2020-05-03T07:46:56","modified_gmt":"2020-05-03T11:46:56","slug":"les-masques-qui-demasquent-la-mauvaise-gouvernance-laissez-les-industriels-exporter","status":"publish","type":"post","link":"https:\/\/linitiative.ca\/International\/les-masques-qui-demasquent-la-mauvaise-gouvernance-laissez-les-industriels-exporter\/","title":{"rendered":"Les masques qui d\u00e9masquent la mauvaise gouvernance : laissez les industriels exporter"},"content":{"rendered":"<p><span class=\"c2\">Interdire l\u2019exportation \u00e0 l\u2019\u00e9tranger des masques confectionn\u00e9s par l\u2019industrie textile tunisienne porte un coup fatal \u00e0 un secteur d\u00e9j\u00e0 \u00e0 l\u2019agonie. En prenant cette d\u00e9cision, le ministre du Commerce est-il en phase avec ses coll\u00e8gues de l\u2019Industrie, de l\u2019Emploi et des Finances\u00a0? Le chef du gouvernement en charge de la vision d\u2019ensemble y consent-il\u00a0? Si les confectionneurs avaient \u00e9t\u00e9 charg\u00e9s par le gouvernement m\u00eame il y a seulement quelques semaines, ils auraient fourni toute la quantit\u00e9 que la Tunisie demande\u00a0? Alors pourquoi les condamner aujourd\u2019hui, sans la moindre faute commise, \u00e0 fermer leurs usines, licencier leurs salari\u00e9s et sombrer dans la faillite\u00a0? Prenons l\u2019exemple sur des pays proches qui chargent chaque jour des avions entiers envoy\u00e9s \u00e0 New York\u00a0! Cris de c\u0153ur.<\/span><br \/>Il est classique de dire \u00ab\u00a0gouverner c\u2019est pr\u00e9voir et c\u2019est aussi anticiper\u00a0\u00bb. Mais a-t-on anticip\u00e9 au moment o\u00f9 on a d\u00e9cid\u00e9 de lever m\u00eame partiellement le confinement. Logiquement et dans un pays qui se respecte, ce moment devrait \u00eatre pr\u00e9par\u00e9 suffisamment \u00e0 l\u2019avance et pourquoi pas au moment o\u00f9 on a d\u00e9cid\u00e9 le confinement.<\/p>\n<p>L\u2019histoire des masques est l\u2019exemple de cette mauvaise gouvernance.<\/p>\n<p>On d\u00e9cide dans l\u2019urgence de pr\u00e9parer un cahier des charges pour la fabrication des masques qui a suscit\u00e9 des r\u00e9serves de tout le monde et particuli\u00e8rement des professionnels. On demande \u00e0 un d\u00e9put\u00e9 de fabriquer des masques en tissu sur un simple coup de fil en d\u00e9pit de toutes les lois en vigueur. Cet \u00e9pisode a fait perdre au pays plusieurs jours de tergiversations, d\u2019audition du ministre \u00e0 l\u2019ARP et m\u00eame une action en justice pour finalement repartir \u00e0 z\u00e9ro.<\/p>\n<p>Le minist\u00e8re du commerce prend les choses en main et d\u00e9cide d\u2019exiger une homologation des masques avant leur commercialisation par un organisme qui ne semble pas \u00eatre pr\u00eat \u00e0 r\u00e9aliser cette op\u00e9ration dans de bonnes conditions. On d\u00e9cide aussi de fixer le circuit de distribution \u00e0 travers la pharmacie centrale de Tunisie, ce qui n\u2019\u00e9tait pas du tout dans ses pr\u00e9rogatives. La Pharmacie Centrale de Tunisie est une soci\u00e9t\u00e9 qui a le monopole de l\u2019importation et la distribution des m\u00e9dicaments. M\u00eame les m\u00e9dicaments fabriqu\u00e9s localement ne font pas partie de son champ d\u2019action sauf lorsqu\u2019il s\u2019agit d\u2019approvisionner les h\u00f4pitaux. On d\u00e9cide aussi de fixer le prix de vente de ces masques sans l\u2019accord des professionnels \u00e0 savoir les industriels et les distributeurs.<\/p>\n<p>Le r\u00e9sultat de toutes ces p\u00e9rip\u00e9ties et \u00e0 la veille du d\u00e9confinement, un pays qui manque terriblement de masques et une population qui va se retrouver sans protection.<\/p>\n<p>Cerise sur le g\u00e2teau , et alors que des industriels tunisiens ont bataill\u00e9 durant toute la p\u00e9riode du confinement afin de d\u00e9crocher des march\u00e9s pour l\u2019exportation de masques en tissu afin de permettre \u00e0 leurs entreprises de reprendre une certaine activit\u00e9 et de garder les postes d\u2019emploi , une d\u00e9cision du minist\u00e8re du commerce vient faire tomber tous leurs efforts \u00e0 l\u2019eau en interdisant tout simplement l\u2019exportation de ces produits . A noter qu\u2019un grand nombre de ces industriels ne sont pas des fabricants habituels de masques et que le tissu \u00e0 partir duquel ces masques sont fabriqu\u00e9s est en fait en admission temporaire et appartient \u00e0 leurs clients et de ce fait la loi mais aussi les accords avec leurs clients les oblige \u00e0 r\u00e9exporter le produit fini.<\/p>\n<p>Il parait tout \u00e0 fait logique que l\u2019\u00e9tat doive tout faire pour approvisionner le march\u00e9. Il est normal aussi de demander aux industriels de privil\u00e9gier le march\u00e9 tunisien, mais tout doit passer par le dialogue et chacun doit prendre sa responsabilit\u00e9.<\/p>\n<p>Si le gouvernement avait demand\u00e9 aux professionnels il y a d\u00e9j\u00e0 trois ou quatre semaines de mettre des masques \u00e0 la disposition de la population , si on n\u2019a pas voulu compliquer un probl\u00e8me pourtant extr\u00eamement simple , s\u2019il n\u2019y a pas eu comme toujours un interventionnisme exag\u00e9r\u00e9 d\u2019une administration scl\u00e9ros\u00e9e et si on avait \u00e9vit\u00e9 toute odeur de conflit d\u2019int\u00e9r\u00eat, on aurait trouv\u00e9 sans difficult\u00e9 aucune les trente millions de masques n\u00e9cessaires pour la protection des tunisiens qui seront dans les rues , les administrations et les entreprises tunisiennes \u00e0 partir du 4 mai.<\/p>\n<p>La derni\u00e8re d\u00e9cision du minist\u00e8re du Commerce risque d\u2019\u00eatre d\u2019une gravit\u00e9 extr\u00eame car elle va aggraver une situation d\u00e9j\u00e0 catastrophique d\u2019un secteur d\u00e9j\u00e0 mis \u00e0 mal par toutes les d\u00e9cisions prises ces derni\u00e8res ann\u00e9es et qui visaient \u00e0 favoriser les importations turques et chinoises au d\u00e9triment de la production locale. Des milliers de postes d\u2019emploi risquent d\u2019\u00eatre perdus dans les prochains jours avec \u00e0 la cl\u00e9 l\u2019aggravation du probl\u00e8me social.<br \/>\u00a0<\/p>\n<p>Auteur:<br \/>\n<a href=\"https:\/\/www.leaders.com.tn\/article\/29826-les-masques-qui-demasquent-la-mauvaise-gouvernance-laissez-les-industriels-exporter\">Cliquez ici pour lire l&rsquo;article depuis sa source.<\/a><\/p>\n","protected":false},"excerpt":{"rendered":"<p>Interdire l\u2019exportation \u00e0 l\u2019\u00e9tranger des masques confectionn\u00e9s par l\u2019industrie textile tunisienne porte un coup fatal \u00e0 un secteur d\u00e9j\u00e0 \u00e0 l\u2019agonie. En prenant cette d\u00e9cision, le ministre du Commerce est-il en phase avec ses coll\u00e8gues de l\u2019Industrie, de l\u2019Emploi et des Finances\u00a0? Le chef du gouvernement en charge de la vision d\u2019ensemble y consent-il\u00a0? Si [&hellip;]<\/p>\n","protected":false},"author":1772,"featured_media":0,"comment_status":"closed","ping_status":"closed","sticky":false,"template":"","format":"standard","meta":{"fifu_image_url":"","fifu_image_alt":"","footnotes":""},"categories":[73,55],"tags":[],"class_list":["post-84121","post","type-post","status-publish","format-standard","hentry","category-actualite","category-tunisie"],"_links":{"self":[{"href":"https:\/\/linitiative.ca\/International\/wp-json\/wp\/v2\/posts\/84121","targetHints":{"allow":["GET"]}}],"collection":[{"href":"https:\/\/linitiative.ca\/International\/wp-json\/wp\/v2\/posts"}],"about":[{"href":"https:\/\/linitiative.ca\/International\/wp-json\/wp\/v2\/types\/post"}],"author":[{"embeddable":true,"href":"https:\/\/linitiative.ca\/International\/wp-json\/wp\/v2\/users\/1772"}],"replies":[{"embeddable":true,"href":"https:\/\/linitiative.ca\/International\/wp-json\/wp\/v2\/comments?post=84121"}],"version-history":[{"count":0,"href":"https:\/\/linitiative.ca\/International\/wp-json\/wp\/v2\/posts\/84121\/revisions"}],"wp:attachment":[{"href":"https:\/\/linitiative.ca\/International\/wp-json\/wp\/v2\/media?parent=84121"}],"wp:term":[{"taxonomy":"category","embeddable":true,"href":"https:\/\/linitiative.ca\/International\/wp-json\/wp\/v2\/categories?post=84121"},{"taxonomy":"post_tag","embeddable":true,"href":"https:\/\/linitiative.ca\/International\/wp-json\/wp\/v2\/tags?post=84121"}],"curies":[{"name":"wp","href":"https:\/\/api.w.org\/{rel}","templated":true}]}}