{"id":84126,"date":"2020-05-03T06:14:05","date_gmt":"2020-05-03T10:14:05","guid":{"rendered":"https:\/\/linitiative.ca\/International\/covid-19-maroc-151-nouveaux-cas-confirmes-4-880-au-total\/"},"modified":"2020-05-03T06:14:05","modified_gmt":"2020-05-03T10:14:05","slug":"covid-19-maroc-151-nouveaux-cas-confirmes-4-880-au-total","status":"publish","type":"post","link":"https:\/\/linitiative.ca\/International\/covid-19-maroc-151-nouveaux-cas-confirmes-4-880-au-total\/","title":{"rendered":"Covid-19 \/ Maroc: 151 nouveaux cas confirm\u00e9s, 4.880 au total"},"content":{"rendered":"<header>\n<\/header>\n<div class=\"entry-content clearfix\" readability=\"51\"><img decoding=\"async\" class=\"post_layout_5_img\" src=\"http:\/\/aujourdhui.ma\/wp-content\/uploads\/2020\/04\/Coronavirus-Maroc.jpg\" alt=\"Covid-19 \/ Maroc: 151 nouveaux cas confirm&#xE9;s, 4.880 au total\"\/><\/p>\n<p><span class=\"c4\"><strong>Cent-cinquante-et-un\u00a0 cas suppl\u00e9mentaires d\u2019infection au nouveau coronavirus (Covid-19) ont \u00e9t\u00e9 confirm\u00e9s au Maroc jusqu\u2019\u00e0 dimanche \u00e0 10h00, portant \u00e0 4.880 le nombre total des cas de contamination, annonce le minist\u00e8re de la Sant\u00e9.<\/strong><\/span><span id=\"more-343711\"\/><\/p>\n<p>Le nombre de cas gu\u00e9ris s\u2019\u00e9l\u00e8ve \u00e0 1.424 avec 168 nouvelles gu\u00e9risons, alors que le nombre de d\u00e9c\u00e8s passe \u00e0 174 cas, pr\u00e9cise le minist\u00e8re sur le portail \u00ab\u00a0<span class=\"c5\">www.covidmaroc.ma<\/span>\u00ab\u00a0.<\/p>\n<p>Par ailleurs, le nombre des cas exclus apr\u00e8s des r\u00e9sultats n\u00e9gatifs d\u2019analyses effectu\u00e9es au laboratoire est de 36.081, selon la m\u00eame source.<\/p>\n<p>Le minist\u00e8re invite les citoyens \u00e0 respecter les r\u00e8gles d\u2019hygi\u00e8ne et de s\u00e9curit\u00e9 sanitaire, ainsi que les mesures pr\u00e9ventives prises par les autorit\u00e9s marocaines en faisant preuve de responsabilit\u00e9 et de patriotisme.<\/p>\n<p><a href=\"http:\/\/aujourdhui.ma\/wp-content\/uploads\/2020\/05\/bilan03052020-10h00.jpg\"><img loading=\"lazy\" decoding=\"async\" class=\"alignnone size-full wp-image-343715\" src=\"http:\/\/aujourdhui.ma\/wp-content\/uploads\/2020\/05\/bilan03052020-10h00.jpg\" alt=\"\" width=\"804\" height=\"778\" srcset=\"http:\/\/aujourdhui.ma\/wp-content\/uploads\/2020\/05\/bilan03052020-10h00.jpg 804w, http:\/\/aujourdhui.ma\/wp-content\/uploads\/2020\/05\/bilan03052020-10h00-300x290.jpg 300w, http:\/\/aujourdhui.ma\/wp-content\/uploads\/2020\/05\/bilan03052020-10h00-768x743.jpg 768w\" sizes=\"auto, (max-width: 804px) 100vw, 804px\"\/><\/a> <a href=\"http:\/\/aujourdhui.ma\/wp-content\/uploads\/2020\/05\/bilan03052020-10h00-regions.jpg\"><img loading=\"lazy\" decoding=\"async\" class=\"alignnone size-full wp-image-343714\" src=\"http:\/\/aujourdhui.ma\/wp-content\/uploads\/2020\/05\/bilan03052020-10h00-regions.jpg\" alt=\"\" width=\"1144\" height=\"703\" srcset=\"http:\/\/aujourdhui.ma\/wp-content\/uploads\/2020\/05\/bilan03052020-10h00-regions.jpg 1144w, http:\/\/aujourdhui.ma\/wp-content\/uploads\/2020\/05\/bilan03052020-10h00-regions-300x184.jpg 300w, http:\/\/aujourdhui.ma\/wp-content\/uploads\/2020\/05\/bilan03052020-10h00-regions-1024x629.jpg 1024w, http:\/\/aujourdhui.ma\/wp-content\/uploads\/2020\/05\/bilan03052020-10h00-regions-768x472.jpg 768w\" sizes=\"auto, (max-width: 1144px) 100vw, 1144px\"\/><\/a><\/p>\n<\/div>\n<p>Auteur: ALM<br \/>\n<a href=\"http:\/\/aujourdhui.ma\/societe\/covid-19-maroc-151-nouveaux-cas-confirmes-4-880-au-total\">Cliquez ici pour lire l&rsquo;article depuis sa source.<\/a><\/p>\n","protected":false},"excerpt":{"rendered":"<p>Cent-cinquante-et-un\u00a0 cas suppl\u00e9mentaires d\u2019infection au nouveau coronavirus (Covid-19) ont \u00e9t\u00e9 confirm\u00e9s au Maroc jusqu\u2019\u00e0 dimanche \u00e0 10h00, portant \u00e0 4.880 le nombre total des cas de contamination, annonce le minist\u00e8re de la Sant\u00e9. Le nombre de cas gu\u00e9ris s\u2019\u00e9l\u00e8ve \u00e0 1.424 avec 168 nouvelles gu\u00e9risons, alors que le nombre de d\u00e9c\u00e8s passe \u00e0 174 cas, [&hellip;]<\/p>\n","protected":false},"author":1759,"featured_media":0,"comment_status":"closed","ping_status":"closed","sticky":false,"template":"","format":"standard","meta":{"fifu_image_url":"","fifu_image_alt":"","footnotes":""},"categories":[73,54],"tags":[],"class_list":["post-84126","post","type-post","status-publish","format-standard","hentry","category-actualite","category-maroc"],"_links":{"self":[{"href":"https:\/\/linitiative.ca\/International\/wp-json\/wp\/v2\/posts\/84126","targetHints":{"allow":["GET"]}}],"collection":[{"href":"https:\/\/linitiative.ca\/International\/wp-json\/wp\/v2\/posts"}],"about":[{"href":"https:\/\/linitiative.ca\/International\/wp-json\/wp\/v2\/types\/post"}],"author":[{"embeddable":true,"href":"https:\/\/linitiative.ca\/International\/wp-json\/wp\/v2\/users\/1759"}],"replies":[{"embeddable":true,"href":"https:\/\/linitiative.ca\/International\/wp-json\/wp\/v2\/comments?post=84126"}],"version-history":[{"count":0,"href":"https:\/\/linitiative.ca\/International\/wp-json\/wp\/v2\/posts\/84126\/revisions"}],"wp:attachment":[{"href":"https:\/\/linitiative.ca\/International\/wp-json\/wp\/v2\/media?parent=84126"}],"wp:term":[{"taxonomy":"category","embeddable":true,"href":"https:\/\/linitiative.ca\/International\/wp-json\/wp\/v2\/categories?post=84126"},{"taxonomy":"post_tag","embeddable":true,"href":"https:\/\/linitiative.ca\/International\/wp-json\/wp\/v2\/tags?post=84126"}],"curies":[{"name":"wp","href":"https:\/\/api.w.org\/{rel}","templated":true}]}}