{"id":84135,"date":"2020-05-03T07:47:07","date_gmt":"2020-05-03T11:47:07","guid":{"rendered":"https:\/\/linitiative.ca\/International\/le-president-de-la-republique-presente-ses-condoleances-a-la-famille-de-lartiste-idir-actualise\/"},"modified":"2020-05-03T07:47:07","modified_gmt":"2020-05-03T11:47:07","slug":"le-president-de-la-republique-presente-ses-condoleances-a-la-famille-de-lartiste-idir-actualise","status":"publish","type":"post","link":"https:\/\/linitiative.ca\/International\/le-president-de-la-republique-presente-ses-condoleances-a-la-famille-de-lartiste-idir-actualise\/","title":{"rendered":"Le Pr\u00e9sident de la R\u00e9publique pr\u00e9sente ses condol\u00e9ances \u00e0 la famille de  l&rsquo;artiste Idir (actualis\u00e9)"},"content":{"rendered":"<p>Le Pr\u00e9sident de la R\u00e9publique, M. Abdelmadjid Tebboune a adress\u00e9 dimanche un message de condol\u00e9ances \u00e0 la famille de\u00a0<\/p>\n<p>l&rsquo;artiste Idir, d\u00e9c\u00e9d\u00e9 samedi soir, le qualifiant \u00ab\u00a0d&rsquo;ic\u00f4ne de l\u2019art alg\u00e9rien, \u00e0 la renomm\u00e9e internationale\u00a0\u00bb.<\/p>\n<p>\u00ab\u00a0J\u2019ai appris avec beaucoup de regret et de tristesse la nouvelle de la disparition de feu Hamid Cheriet, connu sous le nom artistique d\u2019Idir,\u00a0<\/p>\n<p>l\u2019ic\u00f4ne de l\u2019art alg\u00e9rien, \u00e0 la renomm\u00e9e internationale, a \u00e9crit le chef de l\u2019Etat sur son compte Twitter.\u00a0<\/p>\n<p>\u00a0\u00bb L&rsquo;Alg\u00e9rie perd en lui une pyramide de l&rsquo;art alg\u00e9rien \u00ab\u00a0, a soulign\u00e9 le pr\u00e9sident Tebboune, priant Dieu Le Tout-Puissant de pr\u00eater patience et\u00a0<\/p>\n<p>r\u00e9confort \u00e0 la famille du d\u00e9funt, de l&rsquo;entourer de Sa Sainte Mis\u00e9ricorde et l&rsquo;accueillir en Son Vaste Paradis aux cot\u00e9s de ceux qu&rsquo;Il a combl\u00e9s de Ses bienfaits et entour\u00e9s de Sa gr\u00e2ce \u00e9ternelle\u00a0\u00bb.Idir est d\u00e9c\u00e9d\u00e9 dans la nuit du samedi \u00e0 dimanche dans un h\u00f4pital\u00a0<\/p>\n<p>parisien, \u00e0 l&rsquo;\u00e2ge de 71 ans des suites d&rsquo;une longue maladie.(APS)<\/p>\n<p>\/\/\/\/\/\/<\/p>\n<p>C\u2019est \u00e0 l\u2019h\u00f4pital Bicha \u00e0 Paris que nous quitte le chanteur Kabyle Idir, de son vrai non Hamid Cheriet apr\u00e8s un long combat avec sa maladie. Sa famille pr\u00e9cise que \u201csa mort n\u2019a aucun lien avec le virus Covid-19\u201d. Idir ne se destinait pas \u00e0 la chanson. Mais un de ses premiers titres, :A Vava Inouva\u00a0\u00bb devient rapidement dans les ann\u00e9es 1970 un tube plan\u00e9taire, le premier grand tube venu directement d&rsquo;Afrique du Nord. Sa carri\u00e8re est marqu\u00e9e par une irruption soudaine sur le devant de la sc\u00e8ne, puis une \u00e9clipse volontaire d&rsquo;environ une dizaine d&rsquo;ann\u00e9es \u00e0 partir de 1981. Ses albums solo sont rares, quatre en quatre d\u00e9cennies. Mais l\u2019\u0153uvre d&rsquo;Idir a contribu\u00e9 au renouvellement de la chanson berb\u00e8re, et a apport\u00e9 \u00e0 la culture berb\u00e8re une audience internationale. La musique d&rsquo;Idir na\u00eet de l&rsquo;association de diff\u00e9rents instruments, mais celui qui est \u00e0 la base de son \u0153uvre est bien la fl\u00fbte du berger kabyle. Il s&rsquo;agit d&rsquo;ailleurs du premier instrument dont il a appris \u00e0 jouer d\u00e8s son plus jeune \u00e2ge : \u00ab\u00a0au village, les enfants que nous \u00e9tions se transformaient en bergers d\u00e8s la sortie de l&rsquo;\u00e9cole. Et tailler une fl\u00fbte dans un roseau allait de soi. Quand une m\u00e9lodie me vient, je la teste d&rsquo;abord \u00e0 la fl\u00fbte\u00a0\u00bb. La guitare folk est venue plus tard, au lyc\u00e9e, \u00e0 Alger : un coop\u00e9rant fran\u00e7ais m&rsquo;a enseign\u00e9 les premiers accords. Mais j&rsquo;ai vite cherch\u00e9 \u00e0 reproduire sur les cordes les cadences des percussions traditionnelles, le tambourin et le bendir\u00a0\u00bb. Les sonorit\u00e9s entrem\u00eal\u00e9es des guitares, fl\u00fbtes et autre darboukas caract\u00e9risent la musique d&rsquo;Idir. \u00c9crites en kabyle ou en fran\u00e7ais, ses chansons ont cependant une port\u00e9e universelle et se veulent mondiales. D&rsquo;o\u00f9 le qualificatif de musiques du monde souvent donn\u00e9 \u00e0 cette \u0153uvre. Les sujets de ses chansons, dont la majorit\u00e9 des textes sont \u00e9crits par Benmohammed, recouvrent diff\u00e9rents th\u00e8mes comme l&rsquo;exil (A Vava Inouva), la f\u00eate (Zwit Rwit) ou encore l&rsquo;\u00e9motion et les souvenirs (Ssendu). Ce style de musique se veut profond, d\u00e9clenchant l&rsquo;\u00e9motion et la nostalgie. Bon nombre des chansons d&rsquo;Idir ont fait l&rsquo;objet de reprises multiples, et elles ont toujours &#8211; ann\u00e9e apr\u00e8s ann\u00e9e &#8211; une place de choix dans la programmation musicale des mariages kabyles (et autres). Idir avaut particip\u00e9, en outre, \u00e0 un duo tr\u00e8s symbolique (Azwaw 2) avec le chanteur alg\u00e9rien de musique ra\u00ef Cheb Mami, sur l&rsquo;album de ce dernier intitul\u00e9 \u00ab\u00a0Meli Mel\u00a0\u00bb. Jean-Jacques Goldman a \u00e9crit les paroles sur une musique d&rsquo;Idir de la chanson \u00ab\u00a0Pourquoi cette pluie ?\u00a0\u00bb, issue de son album Deux rives, un r\u00eave. Il a collabor\u00e9 avec de nombreux artistes R&amp;B et Rapdu moment tels que Zaho (Tout ce temps, La France des couleurs), Sinik, Amine, Leslie, Sniper, Willy Denzey, Nadiya, Kenza Farah, Corneille, Yannick Noah, Tiken Jah Fakoly (La France des couleurs). Grand Corps Malade lui a \u00e9crit la chanson Lettre \u00e0 ma fille sur une musique compos\u00e9e par Tanina, la fille d&rsquo;Idir.Une autre l\u00e9gende de la chanson kabyle qui part pour un monde meilleur laissant un riche r\u00e9pertoire immat\u00e9riel pour la culture alg\u00e9rienne. Paix \u00e0 son \u00e2me.<\/p>\n<p><strong>Sihem Oubraham<\/strong><\/p>\n<p>Auteur: elmoudjahid<br \/>\n<a href=\"http:\/\/www.elmoudjahid.com\/fr\/actualites\/152645\">Cliquez ici pour lire l&rsquo;article depuis sa source.<\/a><\/p>\n","protected":false},"excerpt":{"rendered":"<p>Le Pr\u00e9sident de la R\u00e9publique, M. Abdelmadjid Tebboune a adress\u00e9 dimanche un message de condol\u00e9ances \u00e0 la famille de\u00a0 l&rsquo;artiste Idir, d\u00e9c\u00e9d\u00e9 samedi soir, le qualifiant \u00ab\u00a0d&rsquo;ic\u00f4ne de l\u2019art alg\u00e9rien, \u00e0 la renomm\u00e9e internationale\u00a0\u00bb. \u00ab\u00a0J\u2019ai appris avec beaucoup de regret et de tristesse la nouvelle de la disparition de feu Hamid Cheriet, connu sous le [&hellip;]<\/p>\n","protected":false},"author":1744,"featured_media":0,"comment_status":"closed","ping_status":"closed","sticky":false,"template":"","format":"standard","meta":{"fifu_image_url":"","fifu_image_alt":"","footnotes":""},"categories":[73,53],"tags":[],"class_list":["post-84135","post","type-post","status-publish","format-standard","hentry","category-actualite","category-algerie"],"_links":{"self":[{"href":"https:\/\/linitiative.ca\/International\/wp-json\/wp\/v2\/posts\/84135","targetHints":{"allow":["GET"]}}],"collection":[{"href":"https:\/\/linitiative.ca\/International\/wp-json\/wp\/v2\/posts"}],"about":[{"href":"https:\/\/linitiative.ca\/International\/wp-json\/wp\/v2\/types\/post"}],"author":[{"embeddable":true,"href":"https:\/\/linitiative.ca\/International\/wp-json\/wp\/v2\/users\/1744"}],"replies":[{"embeddable":true,"href":"https:\/\/linitiative.ca\/International\/wp-json\/wp\/v2\/comments?post=84135"}],"version-history":[{"count":0,"href":"https:\/\/linitiative.ca\/International\/wp-json\/wp\/v2\/posts\/84135\/revisions"}],"wp:attachment":[{"href":"https:\/\/linitiative.ca\/International\/wp-json\/wp\/v2\/media?parent=84135"}],"wp:term":[{"taxonomy":"category","embeddable":true,"href":"https:\/\/linitiative.ca\/International\/wp-json\/wp\/v2\/categories?post=84135"},{"taxonomy":"post_tag","embeddable":true,"href":"https:\/\/linitiative.ca\/International\/wp-json\/wp\/v2\/tags?post=84135"}],"curies":[{"name":"wp","href":"https:\/\/api.w.org\/{rel}","templated":true}]}}