{"id":84136,"date":"2020-05-03T01:00:00","date_gmt":"2020-05-03T05:00:00","guid":{"rendered":"https:\/\/linitiative.ca\/International\/mitra-on-a-dit-mitra\/"},"modified":"2020-05-03T01:00:00","modified_gmt":"2020-05-03T05:00:00","slug":"mitra-on-a-dit-mitra","status":"publish","type":"post","link":"https:\/\/linitiative.ca\/International\/mitra-on-a-dit-mitra\/","title":{"rendered":"Mitra ! On a dit mitra !"},"content":{"rendered":"<p class=\"c3\">3 mai ! Journ\u00e9e de la libert\u00e9 de la presse.<\/p>\n<p class=\"c3\"><strong>Encore une fake-news !<\/strong><\/p>\n<p class=\"c3\">Ce Covid-19 aura r\u00e9v\u00e9l\u00e9, au moins, une chose, le niveau catastrophique du calcul et des math\u00e9matiques en D\u00e9z\u00e9die. Le gars n\u2019est pas vieux. Il n\u2019est pas jeune. Il est entre deux \u00e2ges. Et il a surtout l\u2019\u00e2ge de l\u2019\u00e9cole fondamentale et de ses d\u00e9riv\u00e9s toxiques. Par deux fois, dans la sup\u00e9rette, nous nous sommes crois\u00e9s au rayon laitages, et les deux fois, j\u2019ai tenu \u00e0 marquer mon m\u00e8tre de distanciation sociale. Il a bien vu que j\u2019ai op\u00e9r\u00e9 un l\u00e9ger mais ferme pas en retrait pour r\u00e9tablir les 100 centim\u00e8tres r\u00e9glementaires. Et encore, j\u2019aurais pu me montrer plus tatillon et exiger qu\u2019entre lui et moi, aux croisements, il y ait plus de s\u00e9paration. Disons, 1m80. Mais bon, je vois bien que les couloirs de ce magasin sont plut\u00f4t \u00e9troits, et 1m80, \u00e7a ne va pas le faire. \u00c0 notre troisi\u00e8me \u00abcroisement\u00bb, j\u2019ai craqu\u00e9 et lui ai lanc\u00e9 : \u00abKhouya ! ils ont dit un m\u00e8tre de distance ! Vous voyez bien que depuis tout \u00e0 l\u2019heure, je fais tous les efforts du monde civilis\u00e9 pour respecter cette s\u00e9paration, non ?\u00bb Et l\u00e0, le monsieur, sans se d\u00e9monter, sans reculer d\u2019un centim\u00e8tre, bien au contraire, en avan\u00e7ant m\u00eame d\u2019un demi-pas me susurre sous mon pif, heureusement prot\u00e9g\u00e9 par une bavette : \u00abJe suis \u00e0 un m\u00e8tre ! Si tu ne sais pas compter, mesurer, ach\u00e8te-toi un m\u00e8tre de ma\u00e7on ou de menuisier. Et tu verras !\u00bb C\u2019\u00e9tait tout vu ! \u00c0 ce moment pr\u00e9cis, j\u2019ai bien vu que l\u2019ombre pesante et lourde de Benbouzid \u2014 pas celui de la sant\u00e9, l\u2019autre \u2014 planait au-dessus de la sup\u00e9rette et me narguait avec un sourire\u2026 fondamentalement narquois ! Mais en m\u00eame temps, le bonhomme, assur\u00e9ment nul en maths, m\u2019avait cependant refil\u00e9 une superbe id\u00e9e. Ni une ni deux. Aussit\u00f4t sorti de la sup\u00e9rette, je me suis rendu dans une quincaillerie o\u00f9 j\u2019ai achet\u00e9 un\u2026 m\u00e8tre-laser ! Voil\u00e0 ce qui manquait jusque-l\u00e0 \u00e0 ma panoplie. J\u2019avais le gel alcoolique, la bavette, les gants et les lunettes. L\u00e0, j\u2019ai le m\u00e8tre-laser. Qu\u2019ils viennent maintenant se mesurer \u00e0 moi ! Je fume du th\u00e9 et je reste \u00e9veill\u00e9, le cauchemar continue.<br \/><em><strong>H. L.<\/strong><\/em><\/p>\n<p>Auteur:<br \/>\n<a href=\"https:\/\/www.lesoirdalgerie.com\/pousse-avec-eux\/mitra-on-a-dit-mitra-41998\">Cliquez ici pour lire l&rsquo;article depuis sa source.<\/a><\/p>\n","protected":false},"excerpt":{"rendered":"<p>3 mai ! Journ\u00e9e de la libert\u00e9 de la presse. Encore une fake-news ! Ce Covid-19 aura r\u00e9v\u00e9l\u00e9, au moins, une chose, le niveau catastrophique du calcul et des math\u00e9matiques en D\u00e9z\u00e9die. Le gars n\u2019est pas vieux. Il n\u2019est pas jeune. Il est entre deux \u00e2ges. Et il a surtout l\u2019\u00e2ge de l\u2019\u00e9cole fondamentale et [&hellip;]<\/p>\n","protected":false},"author":1741,"featured_media":0,"comment_status":"closed","ping_status":"closed","sticky":false,"template":"","format":"standard","meta":{"fifu_image_url":"","fifu_image_alt":"","footnotes":""},"categories":[73,53],"tags":[],"class_list":["post-84136","post","type-post","status-publish","format-standard","hentry","category-actualite","category-algerie"],"_links":{"self":[{"href":"https:\/\/linitiative.ca\/International\/wp-json\/wp\/v2\/posts\/84136","targetHints":{"allow":["GET"]}}],"collection":[{"href":"https:\/\/linitiative.ca\/International\/wp-json\/wp\/v2\/posts"}],"about":[{"href":"https:\/\/linitiative.ca\/International\/wp-json\/wp\/v2\/types\/post"}],"author":[{"embeddable":true,"href":"https:\/\/linitiative.ca\/International\/wp-json\/wp\/v2\/users\/1741"}],"replies":[{"embeddable":true,"href":"https:\/\/linitiative.ca\/International\/wp-json\/wp\/v2\/comments?post=84136"}],"version-history":[{"count":0,"href":"https:\/\/linitiative.ca\/International\/wp-json\/wp\/v2\/posts\/84136\/revisions"}],"wp:attachment":[{"href":"https:\/\/linitiative.ca\/International\/wp-json\/wp\/v2\/media?parent=84136"}],"wp:term":[{"taxonomy":"category","embeddable":true,"href":"https:\/\/linitiative.ca\/International\/wp-json\/wp\/v2\/categories?post=84136"},{"taxonomy":"post_tag","embeddable":true,"href":"https:\/\/linitiative.ca\/International\/wp-json\/wp\/v2\/tags?post=84136"}],"curies":[{"name":"wp","href":"https:\/\/api.w.org\/{rel}","templated":true}]}}