{"id":84137,"date":"2020-05-03T04:00:00","date_gmt":"2020-05-03T08:00:00","guid":{"rendered":"https:\/\/linitiative.ca\/International\/ouverture-de-lappel-a-candidature\/"},"modified":"2020-05-03T04:00:00","modified_gmt":"2020-05-03T08:00:00","slug":"ouverture-de-lappel-a-candidature","status":"publish","type":"post","link":"https:\/\/linitiative.ca\/International\/ouverture-de-lappel-a-candidature\/","title":{"rendered":"Ouverture de l\u2019appel \u00e0 candidature"},"content":{"rendered":"<div id=\"originalText\" readability=\"55\">\n<p>La\u00a0 candidature\u00a0 pour les\u00a0 comp\u00e9titions\u00a0 officielles\u00a0 et\u00a0 parall\u00e8les d es\u00a0 31es Journ\u00e9es cin\u00e9matographiques de Carthage (JCC) est ouverte jusqu\u2019au 15 ao\u00fbt, rapporte le site Internet du festival. L\u2019appel \u00e0 candidature est lanc\u00e9 \u00e0 l\u2019adresse des\u00a0 r\u00e9alisateurs\u00a0 de\u00a0 longs et courts m\u00e9trages d\u2019Afrique et des pays arabes\u00a0 souhaitant\u00a0 participer\u00a0 aux\u00a0 JCC 2020,\u00a0 pr\u00e9vues\u00a0 du\u00a0 7\u00a0 au\u00a0 14 novembre, indique le site.\u00a0<\/p>\n<p>Les JCC ouvrent\u00a0 \u00e9galement\u00a0 la\u00a0 candidature\u00a0 pour\u00a0 les\u00a0 ateliers\u00a0 \u201cChabaka\u201d pour la\u00a0 coproduction\u00a0 afro-arabe, qui\u00a0 favorise\u00a0 aussi\u00a0 le\u00a0 r\u00e9seautage\u00a0 avec d\u2019autres pays du monde, et \u201cTakmil\u201d, qui cible\u00a0 les projets d\u2019auteurs africains et arabes en phase de finition.<\/p>\n<p>Cr\u00e9\u00e9es\u00a0 en\u00a0 1966,\u00a0 les\u00a0 JCC\u00a0 sont\u00a0 une\u00a0 manifestation\u00a0 cin\u00e9matographique annuelle d\u2019envergure r\u00e9gionale qui \u0153uvre \u00e0 offrir une visibilit\u00e9 aux films venus d\u2019Afrique subsaharienne et de\u00a0 la\u00a0 r\u00e9gion\u00a0 arabe, avec, depuis\u00a0 peu, une ouverture sur les cin\u00e9mas du monde. En 2019, l\u2019acteur et r\u00e9alisateur alg\u00e9rien Ly\u00e8s Salem avait d\u00e9croch\u00e9 le Prix du meilleur acteur pour son r\u00f4le dans le film Abou Le\u00efla d\u2019Amine Sidi Boumedi\u00e8ne.<br \/>\u00a0<\/p>\n<p class=\"c6\"><strong>APS<\/strong><\/p>\n<\/div>\n<div id=\"text_core\" readability=\"55\">\n<p>La\u00a0 candidature\u00a0 pour les\u00a0 comp\u00e9titions\u00a0 officielles\u00a0 et\u00a0 parall\u00e8les d es\u00a0 31es Journ\u00e9es cin\u00e9matographiques de Carthage (JCC) est ouverte jusqu\u2019au 15 ao\u00fbt, rapporte le site Internet du festival. L\u2019appel \u00e0 candidature est lanc\u00e9 \u00e0 l\u2019adresse des\u00a0 r\u00e9alisateurs\u00a0 de\u00a0 longs et courts m\u00e9trages d\u2019Afrique et des pays arabes\u00a0 souhaitant\u00a0 participer\u00a0 aux\u00a0 JCC 2020,\u00a0 pr\u00e9vues\u00a0 du\u00a0 7\u00a0 au\u00a0 14 novembre, indique le site.\u00a0<\/p>\n<p>Les JCC ouvrent\u00a0 \u00e9galement\u00a0 la\u00a0 candidature\u00a0 pour\u00a0 les\u00a0 ateliers\u00a0 \u201cChabaka\u201d pour la\u00a0 coproduction\u00a0 afro-arabe, qui\u00a0 favorise\u00a0 aussi\u00a0 le\u00a0 r\u00e9seautage\u00a0 avec d\u2019autres pays du monde, et \u201cTakmil\u201d, qui cible\u00a0 les projets d\u2019auteurs africains et arabes en phase de finition.<\/p>\n<p>Cr\u00e9\u00e9es\u00a0 en\u00a0 1966,\u00a0 les\u00a0 JCC\u00a0 sont\u00a0 une\u00a0 manifestation\u00a0 cin\u00e9matographique annuelle d\u2019envergure r\u00e9gionale qui \u0153uvre \u00e0 offrir une visibilit\u00e9 aux films venus d\u2019Afrique subsaharienne et de\u00a0 la\u00a0 r\u00e9gion\u00a0 arabe, avec, depuis\u00a0 peu, une ouverture sur les cin\u00e9mas du monde. En 2019, l\u2019acteur et r\u00e9alisateur alg\u00e9rien Ly\u00e8s Salem avait d\u00e9croch\u00e9 le Prix du meilleur acteur pour son r\u00f4le dans le film Abou Le\u00efla d\u2019Amine Sidi Boumedi\u00e8ne.<br \/>\u00a0<\/p>\n<p class=\"c6\"><strong>APS<\/strong><\/p>\n<\/div>\n<p>Auteur:<br \/>\n<a href=\"https:\/\/www.liberte-algerie.com\/culture\/ouverture-de-lappel-a-candidature-338178\">Cliquez ici pour lire l&rsquo;article depuis sa source.<\/a><\/p>\n","protected":false},"excerpt":{"rendered":"<p>La\u00a0 candidature\u00a0 pour les\u00a0 comp\u00e9titions\u00a0 officielles\u00a0 et\u00a0 parall\u00e8les d es\u00a0 31es Journ\u00e9es cin\u00e9matographiques de Carthage (JCC) est ouverte jusqu\u2019au 15 ao\u00fbt, rapporte le site Internet du festival. L\u2019appel \u00e0 candidature est lanc\u00e9 \u00e0 l\u2019adresse des\u00a0 r\u00e9alisateurs\u00a0 de\u00a0 longs et courts m\u00e9trages d\u2019Afrique et des pays arabes\u00a0 souhaitant\u00a0 participer\u00a0 aux\u00a0 JCC 2020,\u00a0 pr\u00e9vues\u00a0 du\u00a0 7\u00a0 au\u00a0 [&hellip;]<\/p>\n","protected":false},"author":1742,"featured_media":0,"comment_status":"closed","ping_status":"closed","sticky":false,"template":"","format":"standard","meta":{"fifu_image_url":"","fifu_image_alt":"","footnotes":""},"categories":[73,53],"tags":[],"class_list":["post-84137","post","type-post","status-publish","format-standard","hentry","category-actualite","category-algerie"],"_links":{"self":[{"href":"https:\/\/linitiative.ca\/International\/wp-json\/wp\/v2\/posts\/84137","targetHints":{"allow":["GET"]}}],"collection":[{"href":"https:\/\/linitiative.ca\/International\/wp-json\/wp\/v2\/posts"}],"about":[{"href":"https:\/\/linitiative.ca\/International\/wp-json\/wp\/v2\/types\/post"}],"author":[{"embeddable":true,"href":"https:\/\/linitiative.ca\/International\/wp-json\/wp\/v2\/users\/1742"}],"replies":[{"embeddable":true,"href":"https:\/\/linitiative.ca\/International\/wp-json\/wp\/v2\/comments?post=84137"}],"version-history":[{"count":0,"href":"https:\/\/linitiative.ca\/International\/wp-json\/wp\/v2\/posts\/84137\/revisions"}],"wp:attachment":[{"href":"https:\/\/linitiative.ca\/International\/wp-json\/wp\/v2\/media?parent=84137"}],"wp:term":[{"taxonomy":"category","embeddable":true,"href":"https:\/\/linitiative.ca\/International\/wp-json\/wp\/v2\/categories?post=84137"},{"taxonomy":"post_tag","embeddable":true,"href":"https:\/\/linitiative.ca\/International\/wp-json\/wp\/v2\/tags?post=84137"}],"curies":[{"name":"wp","href":"https:\/\/api.w.org\/{rel}","templated":true}]}}