{"id":84143,"date":"2020-05-03T04:00:00","date_gmt":"2020-05-03T08:00:00","guid":{"rendered":"https:\/\/linitiative.ca\/International\/les-noms-des-laureats-devoiles\/"},"modified":"2020-05-03T04:00:00","modified_gmt":"2020-05-03T08:00:00","slug":"les-noms-des-laureats-devoiles","status":"publish","type":"post","link":"https:\/\/linitiative.ca\/International\/les-noms-des-laureats-devoiles\/","title":{"rendered":"Les noms des laur\u00e9ats d\u00e9voil\u00e9s"},"content":{"rendered":"<div id=\"originalText\" readability=\"109\">\n<p>Le\u00a0 premier\u00a0 Festival\u00a0 cin\u00e9matographique virtuel\u00a0 (Domum),\u00a0 organis\u00e9\u00a0 par l\u2019association Lumi\u00e8re de la M\u00e9diterran\u00e9e, en collaboration, entre autres, avec le Centre alg\u00e9rien de la cin\u00e9matographie et la maison de la culture de Annaba, vient de d\u00e9cerner ses prix aux cin\u00e9astes participants.<\/p>\n<p>D\u00e8s\u00a0 son\u00a0 lancement\u00a0 le 5 avril\u00a0 dernier, plus\u00a0 d\u2019une cinquantaine\u00a0 d\u2019\u0153uvres cin\u00e9matographiques (courts m\u00e9trages, spots et vid\u00e9os art) de plus de vingt pays ont \u00e9t\u00e9 re\u00e7ues par les organisateurs, qui ont d\u00e9voil\u00e9, via la plateforme facebook du festival, les noms des laur\u00e9ats.<\/p>\n<p>Selon le communiqu\u00e9 des organisateurs, le Syrien Nacif Chelch\u00a0 a\u00a0 d\u00e9croch\u00e9 l\u2019arobase d\u2019or pour son film La M\u00e8re ; le film Coroniyat Chicou au\u00a0 Kowe\u00eft, de Lucia Filali, a quant \u00e0 lui remport\u00e9 l\u2019arobase d\u2019argent, alors que Tout\u00a0 finit par passer, d\u2019El-Hachemi\u00a0 Mestour\u00a0 et\u00a0 de\u00a0 Mohammed\u00a0 Amine\u00a0 Bouzidi,\u00a0 a\u00a0 re\u00e7u l\u2019arobase de bronze.<\/p>\n<p>Par ailleurs, le r\u00e9alisateur alg\u00e9rien Wassim Gherradi a d\u00e9croch\u00e9 le prix du public pour Cuarantina. Outre ces \u0153uvres, les acteurs ont \u00e9galement \u00e9t\u00e9 prim\u00e9s, \u00e0 commencer par Djoumana Yousfi dans la cat\u00e9gorie de la meilleure interpr\u00e9tation f\u00e9minine dans Confinement au f\u00e9minin, et Nasreddine Benrejam, dans la cat\u00e9gorie du meilleur r\u00f4le masculin dans Le Karma.<\/p>\n<p>Le\u00a0 prix\u00a0 du\u00a0 meilleur \u201cr\u00f4le\u00a0 prometteur\u201d\u00a0 a\u00a0 \u00e9t\u00e9\u00a0 d\u00e9cern\u00e9\u00a0 \u00e0\u00a0 Dahie Kabbi\u00a0 dans D\u00e9pression, et le prix du meilleur sc\u00e9nario a \u00e9t\u00e9 remis \u00e0 Nacif Chelche pour le film La M\u00e8re.<\/p>\n<p>\u00c0 noter que le jury, pr\u00e9sid\u00e9 par le directeur du\u00a0 Centre alg\u00e9rien du cin\u00e9ma, Salim Aggar, et compos\u00e9 entre autres de Fatima Ouzzen, du r\u00e9alisateur marocain\u00a0Boucha\u00efb El-Messaoudi, du r\u00e9alisateur syrien et directeur des Journ\u00e9es cin\u00e9matographiques de Damas, El-Mohhaned Keltoum, a \u00e9mis une s\u00e9rie de recommandations aux jeunes cin\u00e9astes.<\/p>\n<p>Il\u00a0 leur\u00a0 a\u00a0 \u00e9t\u00e9\u00a0 en\u00a0 effet\u00a0 pr\u00e9conis\u00e9\u00a0 de\u00a0 construire\u00a0 \u201cla\u00a0 narration cin\u00e9matographique \u00e0 travers l\u2019image et non par l\u2019exc\u00e8s de paroles\u201d, ou encore de \u201cse concentrer sur la\u00a0 narration\u00a0 d\u2019\u00e9v\u00e9nements\u00a0 et\u00a0 d\u2019histoires\u00a0 sans\u00a0 verser\u00a0 dans\u00a0 les\u00a0 le\u00e7ons\u00a0 de morale\u201d.<\/p>\n<p>Petit\u00a0 rappel, le\u00a0 Domum,\u00a0 programm\u00e9\u00a0 du\u00a0 5\u00a0 au\u00a0 30\u00a0 avril\u00a0 dernier, est\u00a0 une manifestation culturelle virtuelle qui \u201caspire \u00e0 encourager le g\u00e9nie cr\u00e9atif et \u00e0 donner vie aux activit\u00e9s culturelles durant ces circonstances exceptionnelles travers\u00e9es par notre pays, \u00e0 travers la production et\u00a0 la\u00a0 promotion\u00a0 de\u00a0 films produits \u00e0 domicile\u201d.<\/p>\n<p>D\u2019autre\u00a0 part, poursuivent\u00a0 les organisateurs, \u201cl\u2019objectif est\u00a0 aussi\u00a0 d\u2019animer la sc\u00e8ne culturelle plomb\u00e9e par les mesures pr\u00e9ventives prises dans le cadre de la lutte contre le Covid-19 et\u00a0 de\u00a0 cr\u00e9er\u00a0 des\u00a0 distractions\u00a0 au sein\u00a0 des familles pour d\u00e9passer l\u2019ennui durant le confinement sanitaire\u201d.<br \/>\u00a0<\/p>\n<p class=\"c6\"><strong>Yasmine AZZOUZ<\/strong><\/p>\n<\/div>\n<div id=\"text_core\" readability=\"109\">\n<p>Le\u00a0 premier\u00a0 Festival\u00a0 cin\u00e9matographique virtuel\u00a0 (Domum),\u00a0 organis\u00e9\u00a0 par l\u2019association Lumi\u00e8re de la M\u00e9diterran\u00e9e, en collaboration, entre autres, avec le Centre alg\u00e9rien de la cin\u00e9matographie et la maison de la culture de Annaba, vient de d\u00e9cerner ses prix aux cin\u00e9astes participants.<\/p>\n<p>D\u00e8s\u00a0 son\u00a0 lancement\u00a0 le 5 avril\u00a0 dernier, plus\u00a0 d\u2019une cinquantaine\u00a0 d\u2019\u0153uvres cin\u00e9matographiques (courts m\u00e9trages, spots et vid\u00e9os art) de plus de vingt pays ont \u00e9t\u00e9 re\u00e7ues par les organisateurs, qui ont d\u00e9voil\u00e9, via la plateforme facebook du festival, les noms des laur\u00e9ats.<\/p>\n<p>Selon le communiqu\u00e9 des organisateurs, le Syrien Nacif Chelch\u00a0 a\u00a0 d\u00e9croch\u00e9 l\u2019arobase d\u2019or pour son film La M\u00e8re ; le film Coroniyat Chicou au\u00a0 Kowe\u00eft, de Lucia Filali, a quant \u00e0 lui remport\u00e9 l\u2019arobase d\u2019argent, alors que Tout\u00a0 finit par passer, d\u2019El-Hachemi\u00a0 Mestour\u00a0 et\u00a0 de\u00a0 Mohammed\u00a0 Amine\u00a0 Bouzidi,\u00a0 a\u00a0 re\u00e7u l\u2019arobase de bronze.<\/p>\n<p>Par ailleurs, le r\u00e9alisateur alg\u00e9rien Wassim Gherradi a d\u00e9croch\u00e9 le prix du public pour Cuarantina. Outre ces \u0153uvres, les acteurs ont \u00e9galement \u00e9t\u00e9 prim\u00e9s, \u00e0 commencer par Djoumana Yousfi dans la cat\u00e9gorie de la meilleure interpr\u00e9tation f\u00e9minine dans Confinement au f\u00e9minin, et Nasreddine Benrejam, dans la cat\u00e9gorie du meilleur r\u00f4le masculin dans Le Karma.<\/p>\n<p>Le\u00a0 prix\u00a0 du\u00a0 meilleur \u201cr\u00f4le\u00a0 prometteur\u201d\u00a0 a\u00a0 \u00e9t\u00e9\u00a0 d\u00e9cern\u00e9\u00a0 \u00e0\u00a0 Dahie Kabbi\u00a0 dans D\u00e9pression, et le prix du meilleur sc\u00e9nario a \u00e9t\u00e9 remis \u00e0 Nacif Chelche pour le film La M\u00e8re.<\/p>\n<p>\u00c0 noter que le jury, pr\u00e9sid\u00e9 par le directeur du\u00a0 Centre alg\u00e9rien du cin\u00e9ma, Salim Aggar, et compos\u00e9 entre autres de Fatima Ouzzen, du r\u00e9alisateur marocain\u00a0Boucha\u00efb El-Messaoudi, du r\u00e9alisateur syrien et directeur des Journ\u00e9es cin\u00e9matographiques de Damas, El-Mohhaned Keltoum, a \u00e9mis une s\u00e9rie de recommandations aux jeunes cin\u00e9astes.<\/p>\n<p>Il\u00a0 leur\u00a0 a\u00a0 \u00e9t\u00e9\u00a0 en\u00a0 effet\u00a0 pr\u00e9conis\u00e9\u00a0 de\u00a0 construire\u00a0 \u201cla\u00a0 narration cin\u00e9matographique \u00e0 travers l\u2019image et non par l\u2019exc\u00e8s de paroles\u201d, ou encore de \u201cse concentrer sur la\u00a0 narration\u00a0 d\u2019\u00e9v\u00e9nements\u00a0 et\u00a0 d\u2019histoires\u00a0 sans\u00a0 verser\u00a0 dans\u00a0 les\u00a0 le\u00e7ons\u00a0 de morale\u201d.<\/p>\n<p>Petit\u00a0 rappel, le\u00a0 Domum,\u00a0 programm\u00e9\u00a0 du\u00a0 5\u00a0 au\u00a0 30\u00a0 avril\u00a0 dernier, est\u00a0 une manifestation culturelle virtuelle qui \u201caspire \u00e0 encourager le g\u00e9nie cr\u00e9atif et \u00e0 donner vie aux activit\u00e9s culturelles durant ces circonstances exceptionnelles travers\u00e9es par notre pays, \u00e0 travers la production et\u00a0 la\u00a0 promotion\u00a0 de\u00a0 films produits \u00e0 domicile\u201d.<\/p>\n<p>D\u2019autre\u00a0 part, poursuivent\u00a0 les organisateurs, \u201cl\u2019objectif est\u00a0 aussi\u00a0 d\u2019animer la sc\u00e8ne culturelle plomb\u00e9e par les mesures pr\u00e9ventives prises dans le cadre de la lutte contre le Covid-19 et\u00a0 de\u00a0 cr\u00e9er\u00a0 des\u00a0 distractions\u00a0 au sein\u00a0 des familles pour d\u00e9passer l\u2019ennui durant le confinement sanitaire\u201d.<br \/>\u00a0<\/p>\n<p class=\"c6\"><strong>Yasmine AZZOUZ<\/strong><\/p>\n<\/div>\n<p>Auteur:<br \/>\n<a href=\"https:\/\/www.liberte-algerie.com\/culture\/les-noms-des-laureats-devoiles-338176\">Cliquez ici pour lire l&rsquo;article depuis sa source.<\/a><\/p>\n","protected":false},"excerpt":{"rendered":"<p>Le\u00a0 premier\u00a0 Festival\u00a0 cin\u00e9matographique virtuel\u00a0 (Domum),\u00a0 organis\u00e9\u00a0 par l\u2019association Lumi\u00e8re de la M\u00e9diterran\u00e9e, en collaboration, entre autres, avec le Centre alg\u00e9rien de la cin\u00e9matographie et la maison de la culture de Annaba, vient de d\u00e9cerner ses prix aux cin\u00e9astes participants. D\u00e8s\u00a0 son\u00a0 lancement\u00a0 le 5 avril\u00a0 dernier, plus\u00a0 d\u2019une cinquantaine\u00a0 d\u2019\u0153uvres cin\u00e9matographiques (courts m\u00e9trages, spots [&hellip;]<\/p>\n","protected":false},"author":1742,"featured_media":0,"comment_status":"closed","ping_status":"closed","sticky":false,"template":"","format":"standard","meta":{"fifu_image_url":"","fifu_image_alt":"","footnotes":""},"categories":[73,53],"tags":[],"class_list":["post-84143","post","type-post","status-publish","format-standard","hentry","category-actualite","category-algerie"],"_links":{"self":[{"href":"https:\/\/linitiative.ca\/International\/wp-json\/wp\/v2\/posts\/84143","targetHints":{"allow":["GET"]}}],"collection":[{"href":"https:\/\/linitiative.ca\/International\/wp-json\/wp\/v2\/posts"}],"about":[{"href":"https:\/\/linitiative.ca\/International\/wp-json\/wp\/v2\/types\/post"}],"author":[{"embeddable":true,"href":"https:\/\/linitiative.ca\/International\/wp-json\/wp\/v2\/users\/1742"}],"replies":[{"embeddable":true,"href":"https:\/\/linitiative.ca\/International\/wp-json\/wp\/v2\/comments?post=84143"}],"version-history":[{"count":0,"href":"https:\/\/linitiative.ca\/International\/wp-json\/wp\/v2\/posts\/84143\/revisions"}],"wp:attachment":[{"href":"https:\/\/linitiative.ca\/International\/wp-json\/wp\/v2\/media?parent=84143"}],"wp:term":[{"taxonomy":"category","embeddable":true,"href":"https:\/\/linitiative.ca\/International\/wp-json\/wp\/v2\/categories?post=84143"},{"taxonomy":"post_tag","embeddable":true,"href":"https:\/\/linitiative.ca\/International\/wp-json\/wp\/v2\/tags?post=84143"}],"curies":[{"name":"wp","href":"https:\/\/api.w.org\/{rel}","templated":true}]}}