{"id":84144,"date":"2020-05-03T01:00:00","date_gmt":"2020-05-03T05:00:00","guid":{"rendered":"https:\/\/linitiative.ca\/International\/le-vital-et-lexistentiel\/"},"modified":"2020-05-03T01:00:00","modified_gmt":"2020-05-03T05:00:00","slug":"le-vital-et-lexistentiel","status":"publish","type":"post","link":"https:\/\/linitiative.ca\/International\/le-vital-et-lexistentiel\/","title":{"rendered":"Le vital et l\u2019existentiel"},"content":{"rendered":"<p class=\"c3\">Pourquoi les pr\u00e9visions les plus alarmantes sur l\u2019\u00e9volution de la pand\u00e9mie sont plus \u00ab partag\u00e9es \u00bb que celles qui incitent \u00e0 l\u2019optimisme ? Une interrogation choisie arbitrairement parmi tant d\u2019autres. La r\u00e9ponse, comme la question d\u2019ailleurs, n\u2019est peut-\u00eatre pas la priorit\u00e9 de l\u2019heure, l\u2019effort de r\u00e9flexion sur les meilleures voies et moyens d\u2019en finir\u00a0 avec la saloperie. Mais quand tout sera termin\u00e9, il faudra bien s\u2019y int\u00e9resser et ce n\u2019est pas seulement une affaire de psychologues. En attendant, on peut s\u2019arr\u00eater sur quelques indices. Sans s\u2019y investir \u00e9videmment, d\u2019abord parce que comme on l\u2019a dit, il y\u00a0 a plus urgent. \u00c9tant entendu que les r\u00e9ponses ne sont pas de l\u2019ordre du vital mais de la psychologie sociale qui ne peut servir que dans les \u00ab bilans et perspectives \u00bb \u00e0 faire dans la s\u00e9r\u00e9nit\u00e9 retrouv\u00e9e. Ensuite parce qu\u2019au point o\u00f9 en sont le pays et l\u2019humanit\u00e9 enti\u00e8re, tout ce qui ne rel\u00e8ve pas du vital est rel\u00e9gable au second plan, sans \u00e9tat d\u2019\u00e2me, sans h\u00e9sitation. Quand on arrive \u00e0 se confiner des semaines durant \u00e0 la maison, on renonce \u00e0 ses habitudes les plus basiques, ses plaisirs les plus simples et ses r\u00e9flexes les plus anodins, \u00e7a ne doit pas \u00eatre bien\u00a0 difficile de surseoir \u00e0 quelques questionnements \u00e0 mi-chemin entre le caprice existentiel et la pr\u00e9tention savante. Envisag\u00e9es autrement, on en aura pourtant bien besoin, quand il s\u2019agira de construire le nouveau dispositif de combat contre la maladie. Quand on aura tout compris du virus et de ses r\u00e9elles capacit\u00e9s de destruction, quand on conna\u00eetra ses moyens de r\u00e9g\u00e9n\u00e9ration \u2014 ou les possibilit\u00e9s de sa d\u00e9sint\u00e9gration \u2014, quand on se mettra sur le vaccin plus que sur les respirateurs, sur les th\u00e9rapies plus que sur la limitation des d\u00e9g\u00e2ts, on prendra le temps de r\u00e9pondre \u00e0 toutes les questions, y compris celles dont on a tu les r\u00e9ponses alors qu\u2019on les connaissait d\u00e9j\u00e0. Mais celles dont on ignore les r\u00e9ponses sont, \u00e0 l\u2019\u00e9vidence, plus nombreuses. Sinon les choses auraient \u00e9t\u00e9 certainement plus simples, ou plus pr\u00e9cis\u00e9ment moins compliqu\u00e9es. C\u2019est que tout est nouveau dans cette maladie et rien qu\u2019\u00e0 entendre les scientifiques les plus \u00e9m\u00e9rites le r\u00e9p\u00e9ter \u00e0 chaque fois sonne la mesure des difficult\u00e9s. Ils ne disent pas \u00e7a sur le ton de l\u2019impuissance et de la r\u00e9signation mais avec les mots du r\u00e9alisme et de la v\u00e9rit\u00e9 scientifique. C\u2019est pr\u00e9cis\u00e9ment cette mani\u00e8re d\u2019appr\u00e9hender les choses qui a fait que l\u2019effort soit intensifi\u00e9 pour faire d\u2019abord avec ce que le monde a sous la main comme armes de combat et ensuite trouver de nouvelles solutions. Et c\u2019est loin d\u2019\u00eatre une surprise, encore moins un paradoxe, que toutes les am\u00e9liorations soient r\u00e9ussies dans cet esprit-l\u00e0. Ce n\u2019est par ailleurs pas \u00e9tonnant que les pays qui ont obtenu les meilleurs r\u00e9sultats sont ceux qui avaient des disponibilit\u00e9s \u00e0 faire face aux grandes crises, les pays o\u00f9 les scientifiques ont tout de suite pris le pouvoir. Les politiques ont fourni les logistiques de combat et de recherche, tout en organisant les strat\u00e9gies de lutte. S\u2019il y a eu quelques surprises quant aux capacit\u00e9s de riposte dont les \u00c9tats-Unis sont le pays embl\u00e9matique, il ne faut pas qu\u2019on s\u2019y m\u00e9prenne. Les disponibilit\u00e9s am\u00e9ricaines en la mati\u00e8re sont \u00e9normes. On n\u2019est jamais la premi\u00e8re puissance mondiale par hasard mais on peut se rater parce que les gouvernants du moment ne sont pas \u00e0 la hauteur d\u2019un d\u00e9fi. Surtout quand, plus grave, des consid\u00e9rations de pouvoir prennent le pas sur les enjeux vitaux.<br \/><em><strong>S. L.<\/strong><\/em><\/p>\n<p>Auteur:<br \/>\n<a href=\"https:\/\/www.lesoirdalgerie.com\/constances\/le-vital-et-lexistentiel-41996\">Cliquez ici pour lire l&rsquo;article depuis sa source.<\/a><\/p>\n","protected":false},"excerpt":{"rendered":"<p>Pourquoi les pr\u00e9visions les plus alarmantes sur l\u2019\u00e9volution de la pand\u00e9mie sont plus \u00ab partag\u00e9es \u00bb que celles qui incitent \u00e0 l\u2019optimisme ? Une interrogation choisie arbitrairement parmi tant d\u2019autres. La r\u00e9ponse, comme la question d\u2019ailleurs, n\u2019est peut-\u00eatre pas la priorit\u00e9 de l\u2019heure, l\u2019effort de r\u00e9flexion sur les meilleures voies et moyens d\u2019en finir\u00a0 avec [&hellip;]<\/p>\n","protected":false},"author":1741,"featured_media":0,"comment_status":"closed","ping_status":"closed","sticky":false,"template":"","format":"standard","meta":{"fifu_image_url":"","fifu_image_alt":"","footnotes":""},"categories":[73,53],"tags":[],"class_list":["post-84144","post","type-post","status-publish","format-standard","hentry","category-actualite","category-algerie"],"_links":{"self":[{"href":"https:\/\/linitiative.ca\/International\/wp-json\/wp\/v2\/posts\/84144","targetHints":{"allow":["GET"]}}],"collection":[{"href":"https:\/\/linitiative.ca\/International\/wp-json\/wp\/v2\/posts"}],"about":[{"href":"https:\/\/linitiative.ca\/International\/wp-json\/wp\/v2\/types\/post"}],"author":[{"embeddable":true,"href":"https:\/\/linitiative.ca\/International\/wp-json\/wp\/v2\/users\/1741"}],"replies":[{"embeddable":true,"href":"https:\/\/linitiative.ca\/International\/wp-json\/wp\/v2\/comments?post=84144"}],"version-history":[{"count":0,"href":"https:\/\/linitiative.ca\/International\/wp-json\/wp\/v2\/posts\/84144\/revisions"}],"wp:attachment":[{"href":"https:\/\/linitiative.ca\/International\/wp-json\/wp\/v2\/media?parent=84144"}],"wp:term":[{"taxonomy":"category","embeddable":true,"href":"https:\/\/linitiative.ca\/International\/wp-json\/wp\/v2\/categories?post=84144"},{"taxonomy":"post_tag","embeddable":true,"href":"https:\/\/linitiative.ca\/International\/wp-json\/wp\/v2\/tags?post=84144"}],"curies":[{"name":"wp","href":"https:\/\/api.w.org\/{rel}","templated":true}]}}