{"id":84149,"date":"2020-05-03T07:47:21","date_gmt":"2020-05-03T11:47:21","guid":{"rendered":"https:\/\/linitiative.ca\/International\/le-president-de-la-republique-presente-ses-condoleances-a-la-famille-de-lartiste-idir\/"},"modified":"2020-05-03T07:47:21","modified_gmt":"2020-05-03T11:47:21","slug":"le-president-de-la-republique-presente-ses-condoleances-a-la-famille-de-lartiste-idir","status":"publish","type":"post","link":"https:\/\/linitiative.ca\/International\/le-president-de-la-republique-presente-ses-condoleances-a-la-famille-de-lartiste-idir\/","title":{"rendered":"<div>Le Pr\u00e9sident de la R\u00e9publique pr\u00e9sente ses condol\u00e9ances \u00e0 la famille de l&rsquo;artiste Idir<\/div>"},"content":{"rendered":"<p><span class=\"sp-nh-title\">D\u00e9c\u00e8s du chanteur Idir : le minist\u00e8re de la Culture pr\u00e9sente ses condol\u00e9ances<\/span> &#8211; <span class=\"sp-nh-date\">dimanche 3 mai 2020 12:16<\/span><\/p>\n<p><span class=\"sp-nh-title\">Le Pr\u00e9sident de la R\u00e9publique pr\u00e9sente ses condol\u00e9ances \u00e0 la famille de l&rsquo;artiste Idir<\/span> &#8211; <span class=\"sp-nh-date\">dimanche 3 mai 2020 10:09<\/span><\/p>\n<p><span class=\"sp-nh-title\">Idir: une longue carri\u00e8re au service du patrimoine musical<\/span> &#8211; <span class=\"sp-nh-date\">dimanche 3 mai 2020 09:59<\/span><\/p>\n<p><span class=\"sp-nh-title\">Le Pr\u00e9sident Tebboune re\u00e7oit un appel t\u00e9l\u00e9phonique de son homologue tunisien<\/span> &#8211; <span class=\"sp-nh-date\">dimanche 3 mai 2020 09:48<\/span><\/p>\n<p><span class=\"sp-nh-title\">D\u00e9c\u00e8s du chanteur Idir<\/span> &#8211; <span class=\"sp-nh-date\">dimanche 3 mai 2020 04:48<\/span><\/p>\n<p><span class=\"sp-nh-title\">Djerad: La lutte contre le coronavirus, une responsabilit\u00e9 individuelle et collective<\/span> &#8211; <span class=\"sp-nh-date\">samedi 2 mai 2020 18:57<\/span><\/p>\n<p><span class=\"sp-nh-title\">Un terroriste se rend aux autorit\u00e9s militaires \u00e0 Tamanrasset<\/span> &#8211; <span class=\"sp-nh-date\">samedi 2 mai 2020 18:57<\/span><\/p>\n<p><span class=\"sp-nh-title\">Lutte contre le coronavirus: 636 op\u00e9rations de d\u00e9sinfection g\u00e9n\u00e9rale en 48 heures<\/span> &#8211; <span class=\"sp-nh-date\">samedi 2 mai 2020 18:30<\/span><\/p>\n<p><span class=\"sp-nh-title\">Accord opep+ : Plusieurs pays annoncent d\u2019importantes baisses de leur production p\u00e9troli\u00e8re<\/span> &#8211; <span class=\"sp-nh-date\">samedi 2 mai 2020 18:19<\/span><\/p>\n<p><span class=\"sp-nh-title\">Chitour insiste sur l&rsquo;adoption par l\u2019universit\u00e9 d&rsquo;une nouvelle vision<\/span> &#8211; <span class=\"sp-nh-date\">samedi 2 mai 2020 17:48<\/span><\/p>\n<p><span class=\"sp-nh-title\">Covid-19: Rezig inspecte nombre d&rsquo;espaces commerciaux \u00e0 Alger et Tipasa<\/span> &#8211; <span class=\"sp-nh-date\">samedi 2 mai 2020 17:02<\/span><\/p>\n<p><span class=\"sp-nh-title\">Le Premier ministre affecte 130 logements aux chercheurs du Centre de biotechnologie de Constantine<\/span> &#8211; <span class=\"sp-nh-date\">samedi 2 mai 2020 16:43<\/span><\/p>\n<p><span class=\"sp-nh-title\">Coronavirus : 141 cas confirm\u00e9s et 6 d\u00e9c\u00e8s en Alg\u00e9rie en 24 heures<\/span> &#8211; <span class=\"sp-nh-date\">samedi 2 mai 2020 16:37<\/span><\/p>\n<p><span class=\"sp-nh-title\">Foot\/ Ligue 1\/MC Oran: la direction du club crie \u00e0 la d\u00e9stabilisation<\/span> &#8211; <span class=\"sp-nh-date\">samedi 2 mai 2020 16:22<\/span><\/p>\n<p><span class=\"sp-nh-title\">Ain Defla : 7 individus plac\u00e9s en d\u00e9tention provisoire et 20 autres sous contr\u00f4le judiciaire<\/span> &#8211; <span class=\"sp-nh-date\">samedi 2 mai 2020 16:02<\/span><\/p>\n<p><span class=\"sp-nh-title\">3 mai: renforcer le professionnalisme pour assurer une mutation viable pour les m\u00e9dias<\/span> &#8211; <span class=\"sp-nh-date\">samedi 2 mai 2020 15:55<\/span><\/p>\n<p><span class=\"sp-nh-title\">Djerad: L&rsquo;Etat s&rsquo;engage \u00e0 soutenir la recherche scientifique<\/span> &#8211; <span class=\"sp-nh-date\">samedi 2 mai 2020 15:55<\/span><\/p>\n<p><span class=\"sp-nh-title\">Communication: plusieurs chantiers ouverts pour une r\u00e9forme globale du secteur<\/span> &#8211; <span class=\"sp-nh-date\">samedi 2 mai 2020 15:35<\/span><\/p>\n<p><span class=\"sp-nh-title\">Le Pr\u00e9sident Tebboune pr\u00e9side dimanche une r\u00e9union du Conseil des ministres<\/span> &#8211; <span class=\"sp-nh-date\">samedi 2 mai 2020 15:29<\/span><\/p>\n<p><span class=\"sp-nh-title\">ONU\/Covid-19 : le taux de mortalit\u00e9 des personnes \u00e2g\u00e9es est plus \u00e9lev\u00e9\u00a0<\/span> &#8211; <span class=\"sp-nh-date\">samedi 2 mai 2020 12:51<\/span><\/p>\n<p>Auteur:<br \/>\n<a href=\"http:\/\/www.aps.dz\/culture\/104642-le-president-de-la-republique-presente-ses-condoleances-a-la-famille-de-l-artiste-idir\">Cliquez ici pour lire l&rsquo;article depuis sa source.<\/a><\/p>\n","protected":false},"excerpt":{"rendered":"<p>D\u00e9c\u00e8s du chanteur Idir : le minist\u00e8re de la Culture pr\u00e9sente ses condol\u00e9ances &#8211; dimanche 3 mai 2020 12:16 Le Pr\u00e9sident de la R\u00e9publique pr\u00e9sente ses condol\u00e9ances \u00e0 la famille de l&rsquo;artiste Idir &#8211; dimanche 3 mai 2020 10:09 Idir: une longue carri\u00e8re au service du patrimoine musical &#8211; dimanche 3 mai 2020 09:59 Le [&hellip;]<\/p>\n","protected":false},"author":1790,"featured_media":0,"comment_status":"closed","ping_status":"closed","sticky":false,"template":"","format":"standard","meta":{"fifu_image_url":"","fifu_image_alt":"","footnotes":""},"categories":[53,79],"tags":[],"class_list":["post-84149","post","type-post","status-publish","format-standard","hentry","category-algerie","category-culture"],"_links":{"self":[{"href":"https:\/\/linitiative.ca\/International\/wp-json\/wp\/v2\/posts\/84149","targetHints":{"allow":["GET"]}}],"collection":[{"href":"https:\/\/linitiative.ca\/International\/wp-json\/wp\/v2\/posts"}],"about":[{"href":"https:\/\/linitiative.ca\/International\/wp-json\/wp\/v2\/types\/post"}],"author":[{"embeddable":true,"href":"https:\/\/linitiative.ca\/International\/wp-json\/wp\/v2\/users\/1790"}],"replies":[{"embeddable":true,"href":"https:\/\/linitiative.ca\/International\/wp-json\/wp\/v2\/comments?post=84149"}],"version-history":[{"count":0,"href":"https:\/\/linitiative.ca\/International\/wp-json\/wp\/v2\/posts\/84149\/revisions"}],"wp:attachment":[{"href":"https:\/\/linitiative.ca\/International\/wp-json\/wp\/v2\/media?parent=84149"}],"wp:term":[{"taxonomy":"category","embeddable":true,"href":"https:\/\/linitiative.ca\/International\/wp-json\/wp\/v2\/categories?post=84149"},{"taxonomy":"post_tag","embeddable":true,"href":"https:\/\/linitiative.ca\/International\/wp-json\/wp\/v2\/tags?post=84149"}],"curies":[{"name":"wp","href":"https:\/\/api.w.org\/{rel}","templated":true}]}}