{"id":84150,"date":"2020-05-03T07:51:40","date_gmt":"2020-05-03T11:51:40","guid":{"rendered":"https:\/\/linitiative.ca\/International\/tests-de-depistage-defectueux-le-ministere-de-la-sante-reagit\/"},"modified":"2020-05-03T07:51:40","modified_gmt":"2020-05-03T11:51:40","slug":"tests-de-depistage-defectueux-le-ministere-de-la-sante-reagit","status":"publish","type":"post","link":"https:\/\/linitiative.ca\/International\/tests-de-depistage-defectueux-le-ministere-de-la-sante-reagit\/","title":{"rendered":"Tests de d\u00e9pistage d\u00e9fectueux : Le Minist\u00e8re de la Sant\u00e9 r\u00e9agit"},"content":{"rendered":"<p><strong>Le Minist\u00e8re de la Sant\u00e9 a apport\u00e9 des pr\u00e9cisions suite<\/strong> <strong>\u00e0 des informations sur les r\u00e9seaux sociaux concernant des tests de d\u00e9pistage du coronavirus d\u00e9fectueux \u00e0 Casablanca.<\/strong><\/p>\n<div class=\"c10\"\/>\n<p>R\u00e9agissant aux informations publi\u00e9es dans certains journaux et sites \u00e9lectroniques nationaux au sujet de \u00ab\u00a0<em>victimes de fausses analyses<\/em>\u00a0\u00bb parmi les patients contamin\u00e9s par le Coronavirus \u00e0 Casablanca, le minist\u00e8re de la Sant\u00e9 a apport\u00e9 des clarifications. \u00ab\u00a0<em>Les techniques utilis\u00e9es dans notre pays sont les plus fiables, car bas\u00e9es sur la d\u00e9tection de l\u2019ADN du virus et elles sont couramment utilis\u00e9es par nos laboratoires dans le Royaume pour d\u2019autres maladies<\/em>\u00a0\u00bb, a soulign\u00e9 le D\u00e9partement de Khalid Ait Taleb qui pr\u00e9cise qu\u2019 \u00ab\u00a0<em>il est habituel d\u2019obtenir des r\u00e9sultats diff\u00e9rents sur divers \u00e9chantillons pr\u00e9lev\u00e9s sur le m\u00eame patient pendant des jours cons\u00e9cutifs<\/em>\u00a0\u00bb. Le minist\u00e8re de la Sant\u00e9 ajoute \u00ab\u00a0<em>ceci est en rapport avec la quantit\u00e9 de virus dans les \u00e9chantillons, le comportement et le d\u00e9veloppement du virus dans l\u2019organisme humain et la m\u00e9thode de pr\u00e9l\u00e8vement des \u00e9chantillons<\/em>\u00a0\u00bb.<\/p>\n<p>Lire aussi : Coronavirus : <a href=\"https:\/\/www.challenge.ma\/coronavirus-151-nouveaux-cas-et-168-guerisons-ce-dimanche-a-10h00-139315\/\">151 nouveaux cas et 168 gu\u00e9risons ce dimanche \u00e0 10h00<\/a><\/p>\n<p>Pour cette raison, la gu\u00e9rison n\u2019est d\u00e9clar\u00e9e qu\u2019apr\u00e8s l\u2019obtention de deux \u00e9chantillons n\u00e9gatifs pr\u00e9lev\u00e9s sur un intervalle d\u2019au moins 24 heures, pr\u00e9cise le minist\u00e8re.\u00a0 Si un m\u00eame patient pr\u00e9sente ne serait-ce qu\u2019un seul r\u00e9sultat positif sur plusieurs r\u00e9sultats n\u00e9gatifs, le r\u00e9sultat positif est toujours privil\u00e9gi\u00e9 et le patient est consid\u00e9r\u00e9 comme un cas confirm\u00e9, a poursuivi le minist\u00e8re, ajoutant qu\u2019il n\u2019est pas autoris\u00e9 \u00e0 quiconque d\u2019interf\u00e9rer dans le travail des m\u00e9decins et des cadres de sant\u00e9.\u00a0 La d\u00e9claration d\u2019un cas de contamination \u00ab\u00a0<em>est une affaire m\u00e9dicale relevant de la comp\u00e9tence des m\u00e9decins, qui se basent sur des donn\u00e9es cliniques, de laboratoire et radiologiques pour diagnostiquer la maladie, et personne n\u2019a le droit de perturber le travail des m\u00e9decins marocains, des virologues et de tous les cadres de sant\u00e9<\/em>\u00a0\u00bb, pr\u00e9vient la m\u00eame source.\u00a0 Ainsi, le minist\u00e8re de la Sant\u00e9 appelle l\u2019ensemble des citoyens \u00ab\u00a0<em>\u00e0 ne pas accorder du cr\u00e9dit \u00e0 ces tentatives vaines visant \u00e0 saper leur confiance dans leur syst\u00e8me de sant\u00e9 et ses cadres, qui sont en premi\u00e8re ligne dans la lutte contre le Coronavirus<\/em>\u00a0\u00bb.<\/p>\n<div class=\"c17\">\n<fieldset class=\"c16\">\n<legend><strong><span class=\"c11\">Challenge<\/span><span class=\"c12\">news<\/span><\/strong><\/legend>\n<div class=\"c15\">Le meilleur de Challenge s\u00e9lectionn\u00e9 par la r\u00e9daction :<\/p>\n<\/div>\n<\/fieldset>\n<\/div>\n<p>Auteur: Adama Sylla<br \/>\n<a href=\"https:\/\/www.challenge.ma\/tests-de-depistage-defectueux-le-ministere-de-la-sante-reagit-139327\/\">Cliquez ici pour lire l&rsquo;article depuis sa source.<\/a><\/p>\n","protected":false},"excerpt":{"rendered":"<p>Le Minist\u00e8re de la Sant\u00e9 a apport\u00e9 des pr\u00e9cisions suite \u00e0 des informations sur les r\u00e9seaux sociaux concernant des tests de d\u00e9pistage du coronavirus d\u00e9fectueux \u00e0 Casablanca. R\u00e9agissant aux informations publi\u00e9es dans certains journaux et sites \u00e9lectroniques nationaux au sujet de \u00ab\u00a0victimes de fausses analyses\u00a0\u00bb parmi les patients contamin\u00e9s par le Coronavirus \u00e0 Casablanca, le [&hellip;]<\/p>\n","protected":false},"author":1787,"featured_media":0,"comment_status":"closed","ping_status":"closed","sticky":false,"template":"","format":"standard","meta":{"fifu_image_url":"","fifu_image_alt":"","footnotes":""},"categories":[78,54],"tags":[],"class_list":["post-84150","post","type-post","status-publish","format-standard","hentry","category-economie","category-maroc"],"_links":{"self":[{"href":"https:\/\/linitiative.ca\/International\/wp-json\/wp\/v2\/posts\/84150","targetHints":{"allow":["GET"]}}],"collection":[{"href":"https:\/\/linitiative.ca\/International\/wp-json\/wp\/v2\/posts"}],"about":[{"href":"https:\/\/linitiative.ca\/International\/wp-json\/wp\/v2\/types\/post"}],"author":[{"embeddable":true,"href":"https:\/\/linitiative.ca\/International\/wp-json\/wp\/v2\/users\/1787"}],"replies":[{"embeddable":true,"href":"https:\/\/linitiative.ca\/International\/wp-json\/wp\/v2\/comments?post=84150"}],"version-history":[{"count":0,"href":"https:\/\/linitiative.ca\/International\/wp-json\/wp\/v2\/posts\/84150\/revisions"}],"wp:attachment":[{"href":"https:\/\/linitiative.ca\/International\/wp-json\/wp\/v2\/media?parent=84150"}],"wp:term":[{"taxonomy":"category","embeddable":true,"href":"https:\/\/linitiative.ca\/International\/wp-json\/wp\/v2\/categories?post=84150"},{"taxonomy":"post_tag","embeddable":true,"href":"https:\/\/linitiative.ca\/International\/wp-json\/wp\/v2\/tags?post=84150"}],"curies":[{"name":"wp","href":"https:\/\/api.w.org\/{rel}","templated":true}]}}