{"id":84151,"date":"2020-05-03T08:06:43","date_gmt":"2020-05-03T12:06:43","guid":{"rendered":"https:\/\/linitiative.ca\/International\/covid-19-168-nouvelles-guerisons-au-maroc-1-424-au-total\/"},"modified":"2020-05-03T08:06:43","modified_gmt":"2020-05-03T12:06:43","slug":"covid-19-168-nouvelles-guerisons-au-maroc-1-424-au-total","status":"publish","type":"post","link":"https:\/\/linitiative.ca\/International\/covid-19-168-nouvelles-guerisons-au-maroc-1-424-au-total\/","title":{"rendered":"Covid-19: 168 nouvelles gu\u00e9risons au Maroc, 1.424 au total"},"content":{"rendered":"<div class=\"single-featured\"><img alt=\"\" data-src=\"http:\/\/www.mapoujda.ma\/map\/uploads\/2020\/05\/4880-Bilan-FR-site-R&#xE9;gionaux-M750&#xD7;430-MAP.jpeg\"\/><\/div>\n<div class=\"entry-content clearfix single-post-content\" readability=\"55\">\n<p class=\"c4\">Cent-soixante-huit (168) nouveaux cas gu\u00e9ris du nouveau coronavirus (Covid-19) ont \u00e9t\u00e9 enregistr\u00e9s au Maroc jusqu\u2019\u00e0 dimanche \u00e0 10h00, portant \u00e0 1.424 le nombre total des gu\u00e9risons dans le Royaume, annonce le minist\u00e8re de la Sant\u00e9.<\/p>\n<p class=\"c4\">Le nombre de d\u00e9c\u00e8s, quant \u00e0 lui, a atteint 174 cas, apr\u00e8s l\u2019enregistrement d\u2019un nouveau d\u00e9c\u00e8s, pr\u00e9cise le minist\u00e8re sur le portail \u00ab\u00a0www.covidmaroc.ma\u00a0\u00bb.<\/p>\n<p class=\"c4\">Par ailleurs, 151 cas suppl\u00e9mentaires d\u2019infection ont \u00e9t\u00e9 confirm\u00e9s jusqu\u2019\u00e0 dimanche \u00e0 10h00, portant \u00e0 4.880 le nombre total des cas de contamination, alors que le nombre des cas exclus apr\u00e8s des r\u00e9sultats n\u00e9gatifs d\u2019analyses effectu\u00e9es au laboratoire a atteint 36.081.<\/p>\n<p class=\"c4\">Le minist\u00e8re invite les citoyens \u00e0 respecter les r\u00e8gles d\u2019hygi\u00e8ne et de s\u00e9curit\u00e9 sanitaire, ainsi que les mesures pr\u00e9ventives prises par les autorit\u00e9s marocaines en faisant preuve de responsabilit\u00e9 et de patriotisme.<\/p>\n<\/div>\n<p>Auteur: Soufiane ELAHMAR<br \/>\n<a href=\"http:\/\/www.mapoujda.ma\/fr\/covid-19-168-nouvelles-guerisons-au-maroc-1-424-au-total\/\">Cliquez ici pour lire l&rsquo;article depuis sa source.<\/a><\/p>\n","protected":false},"excerpt":{"rendered":"<p>Cent-soixante-huit (168) nouveaux cas gu\u00e9ris du nouveau coronavirus (Covid-19) ont \u00e9t\u00e9 enregistr\u00e9s au Maroc jusqu\u2019\u00e0 dimanche \u00e0 10h00, portant \u00e0 1.424 le nombre total des gu\u00e9risons dans le Royaume, annonce le minist\u00e8re de la Sant\u00e9. Le nombre de d\u00e9c\u00e8s, quant \u00e0 lui, a atteint 174 cas, apr\u00e8s l\u2019enregistrement d\u2019un nouveau d\u00e9c\u00e8s, pr\u00e9cise le minist\u00e8re sur [&hellip;]<\/p>\n","protected":false},"author":1788,"featured_media":84152,"comment_status":"closed","ping_status":"closed","sticky":false,"template":"","format":"standard","meta":{"fifu_image_url":"","fifu_image_alt":"","footnotes":""},"categories":[54,76],"tags":[],"class_list":["post-84151","post","type-post","status-publish","format-standard","has-post-thumbnail","hentry","category-maroc","category-regions"],"_links":{"self":[{"href":"https:\/\/linitiative.ca\/International\/wp-json\/wp\/v2\/posts\/84151","targetHints":{"allow":["GET"]}}],"collection":[{"href":"https:\/\/linitiative.ca\/International\/wp-json\/wp\/v2\/posts"}],"about":[{"href":"https:\/\/linitiative.ca\/International\/wp-json\/wp\/v2\/types\/post"}],"author":[{"embeddable":true,"href":"https:\/\/linitiative.ca\/International\/wp-json\/wp\/v2\/users\/1788"}],"replies":[{"embeddable":true,"href":"https:\/\/linitiative.ca\/International\/wp-json\/wp\/v2\/comments?post=84151"}],"version-history":[{"count":0,"href":"https:\/\/linitiative.ca\/International\/wp-json\/wp\/v2\/posts\/84151\/revisions"}],"wp:featuredmedia":[{"embeddable":true,"href":"https:\/\/linitiative.ca\/International\/wp-json\/"}],"wp:attachment":[{"href":"https:\/\/linitiative.ca\/International\/wp-json\/wp\/v2\/media?parent=84151"}],"wp:term":[{"taxonomy":"category","embeddable":true,"href":"https:\/\/linitiative.ca\/International\/wp-json\/wp\/v2\/categories?post=84151"},{"taxonomy":"post_tag","embeddable":true,"href":"https:\/\/linitiative.ca\/International\/wp-json\/wp\/v2\/tags?post=84151"}],"curies":[{"name":"wp","href":"https:\/\/api.w.org\/{rel}","templated":true}]}}