{"id":84155,"date":"2020-05-03T08:24:04","date_gmt":"2020-05-03T12:24:04","guid":{"rendered":"https:\/\/linitiative.ca\/International\/deces-du-chanteur-idir-le-ministere-de-la-culture-presente-ses-condoleances\/"},"modified":"2020-05-03T08:24:04","modified_gmt":"2020-05-03T12:24:04","slug":"deces-du-chanteur-idir-le-ministere-de-la-culture-presente-ses-condoleances","status":"publish","type":"post","link":"https:\/\/linitiative.ca\/International\/deces-du-chanteur-idir-le-ministere-de-la-culture-presente-ses-condoleances\/","title":{"rendered":"D\u00e9c\u00e8s du chanteur Idir : le minist\u00e8re de la Culture pr\u00e9sente ses condol\u00e9ances"},"content":{"rendered":"<div readability=\"36\">\n<p><strong>ALGER- Le minist\u00e8re de la Culture a pr\u00e9sent\u00e9 ses condol\u00e9ances suite au d\u00e9c\u00e8s de l&rsquo;artiste Idir, soulignant que sa disparition laisse un grand\u00a0 vide dans le monde de l&rsquo;art alg\u00e9rien, indique un communiqu\u00e9 du minist\u00e8re publi\u00e9 sur sa page Facebook.<\/strong><\/p>\n<\/div>\n<div readability=\"61.5\">\n<p>\u00ab\u00a0Nous avons appris, avec une immense tristesse et douleur, la nouvelle de la disparition du grand artiste alg\u00e9rien Idir, de son vrai nom Hamid Cheriet. La disparition d&rsquo;un artiste de la trempe d&rsquo;Idir laisse un grand vide dans le monde de l&rsquo;art alg\u00e9rien\u00a0\u00bb, a pr\u00e9cis\u00e9 le communiqu\u00e9.<\/p>\n<p>\u00ab\u00a0Le d\u00e9funt a su faire conna\u00eetre son nom et la culture alg\u00e9rienne authentique, \u00e0 travers son art, des d\u00e9cennies durant, et diffuser son propre style artistique et culturel local \u00e0 travers le monde\u00a0\u00bb, ajoute-t-on de m\u00eame source.<\/p>\n<blockquote readability=\"12\">\n<p class=\"c30\"><strong>\u00ab\u00a0L&rsquo;Algerie, avec la perte d&rsquo;Idir, tourne une page prestigieuse de l&rsquo;art engag\u00e9. Les Alg\u00e9riens, toutes g\u00e9n\u00e9rations confondues, continueront \u00e0 \u00e9couter sa voix et \u00e0 fredonner les chansons d&rsquo;Idir qui restera dans les m\u00e9moires parmi les cr\u00e9ateurs militants &#8230;\u00a0\u00bb, indique le communiqu\u00e9.<\/strong><\/p>\n<\/blockquote>\n<p>Le Pr\u00e9sident de la R\u00e9publique, Abdelmadjid <strong>Tebboune<\/strong> avait pr\u00e9sent\u00e9 ses condol\u00e9ances, suite \u00e0 la disparition du chanteur Idir, rendant hommage \u00e0 sa place artistique en Alg\u00e9rie et \u00e0 sa musique universelle.<\/p>\n<p>Idir est d\u00e9c\u00e9d\u00e9 samedi soir dans un h\u00f4pital parisien \u00e0 l&rsquo;\u00e2ge de 71 ans, laissant derri\u00e8re lui un riche r\u00e9pertoire artistique.<\/p>\n<\/div>\n<p>Auteur:<br \/>\n<a href=\"http:\/\/www.aps.dz\/culture\/104643-deces-du-chanteur-idir-le-ministere-de-la-culture-presente-ses-condoleances\">Cliquez ici pour lire l&rsquo;article depuis sa source.<\/a><\/p>\n","protected":false},"excerpt":{"rendered":"<p>ALGER- Le minist\u00e8re de la Culture a pr\u00e9sent\u00e9 ses condol\u00e9ances suite au d\u00e9c\u00e8s de l&rsquo;artiste Idir, soulignant que sa disparition laisse un grand\u00a0 vide dans le monde de l&rsquo;art alg\u00e9rien, indique un communiqu\u00e9 du minist\u00e8re publi\u00e9 sur sa page Facebook. \u00ab\u00a0Nous avons appris, avec une immense tristesse et douleur, la nouvelle de la disparition du [&hellip;]<\/p>\n","protected":false},"author":1790,"featured_media":0,"comment_status":"closed","ping_status":"closed","sticky":false,"template":"","format":"standard","meta":{"fifu_image_url":"","fifu_image_alt":"","footnotes":""},"categories":[53,79],"tags":[],"class_list":["post-84155","post","type-post","status-publish","format-standard","hentry","category-algerie","category-culture"],"_links":{"self":[{"href":"https:\/\/linitiative.ca\/International\/wp-json\/wp\/v2\/posts\/84155","targetHints":{"allow":["GET"]}}],"collection":[{"href":"https:\/\/linitiative.ca\/International\/wp-json\/wp\/v2\/posts"}],"about":[{"href":"https:\/\/linitiative.ca\/International\/wp-json\/wp\/v2\/types\/post"}],"author":[{"embeddable":true,"href":"https:\/\/linitiative.ca\/International\/wp-json\/wp\/v2\/users\/1790"}],"replies":[{"embeddable":true,"href":"https:\/\/linitiative.ca\/International\/wp-json\/wp\/v2\/comments?post=84155"}],"version-history":[{"count":0,"href":"https:\/\/linitiative.ca\/International\/wp-json\/wp\/v2\/posts\/84155\/revisions"}],"wp:attachment":[{"href":"https:\/\/linitiative.ca\/International\/wp-json\/wp\/v2\/media?parent=84155"}],"wp:term":[{"taxonomy":"category","embeddable":true,"href":"https:\/\/linitiative.ca\/International\/wp-json\/wp\/v2\/categories?post=84155"},{"taxonomy":"post_tag","embeddable":true,"href":"https:\/\/linitiative.ca\/International\/wp-json\/wp\/v2\/tags?post=84155"}],"curies":[{"name":"wp","href":"https:\/\/api.w.org\/{rel}","templated":true}]}}