{"id":84156,"date":"2020-05-03T10:17:39","date_gmt":"2020-05-03T14:17:39","guid":{"rendered":"https:\/\/linitiative.ca\/International\/relation-client-majorel-decroche-le-label-de-la-conformite-sanitaire\/"},"modified":"2020-05-03T10:17:39","modified_gmt":"2020-05-03T14:17:39","slug":"relation-client-majorel-decroche-le-label-de-la-conformite-sanitaire","status":"publish","type":"post","link":"https:\/\/linitiative.ca\/International\/relation-client-majorel-decroche-le-label-de-la-conformite-sanitaire\/","title":{"rendered":"Relation client : Majorel d\u00e9croche le label de la conformit\u00e9 sanitaire"},"content":{"rendered":"<header>\n<\/header>\n<div class=\"entry-content clearfix\" readability=\"57\"><img decoding=\"async\" class=\"post_layout_5_img\" src=\"http:\/\/aujourdhui.ma\/wp-content\/uploads\/2020\/05\/Hassan-Ghellab-directeur-g\u00e9n\u00e9ral-de-Majorel.jpg\" alt=\"Relation client : Majorel d&#xE9;croche le label de la conformit&#xE9; sanitaire\"\/><\/p>\n<p><span class=\"c5\"><span class=\"c4\"><strong>Majorel consacr\u00e9 pour sa politique d\u2019excellence sanitaire et son engagement pour la protection de ses collaborateurs dans ce contexte de crise sanitaire.<\/strong><\/span><span id=\"more-343721\"\/><\/span><\/p>\n<p>L\u2019acteur de la relation client au Maroc vient de d\u00e9crocher le label de conformit\u00e9 sanitaire apr\u00e8s \u00e9valuation par les auditeurs experts de l\u2019Association fran\u00e7aise de normalisation (AFNOR) et ce pour l\u2019ensemble de ses sites au Maroc. \u201cLe label de conformit\u00e9 sanitaire est une reconnaissance pour la mobilisation de nos \u00e9quipes face \u00e0 la pand\u00e9mie que nous vivons. Notre priorit\u00e9 a toujours \u00e9t\u00e9 la s\u00e9curit\u00e9 de nos collaborateurs, ainsi que le maintien de leurs revenus dans un contexte de crise \u00e9conomique\u201d, d\u00e9clare Hassan Ghellab, directeur g\u00e9n\u00e9ral de Majorel.<\/p>\n<p>Et d\u2019ajouter que \u201cce label t\u00e9moigne de l\u2019efficacit\u00e9 de notre politique d\u2019excellence sanitaire, et de la force du collectif et de la solidarit\u00e9 pour lutter efficacement contre le Covid-19\u201d. Mis en place par l\u2019Association marocaine de la relation client (AMRC), le label de conformit\u00e9 sanitaire se veut un r\u00e9f\u00e9rentiel de pr\u00e9vention du secteur de la relation client au Maroc en alignement avec les exigences sanitaires impos\u00e9es lors de crises de sant\u00e9 publique telles que celle que traverse le monde actuellement.<\/p>\n<p>Ce r\u00e9f\u00e9rentiel est compos\u00e9 de 20 engagements qui r\u00e9pondent aux attentes des diff\u00e9rentes parties prenantes des acteurs du secteur (capital humain, clients, prestataires, etc.) pour garantir la conformit\u00e9 de l\u2019ensemble des adh\u00e9rents de l\u2019association \u00e0 une charte sanitaire unique et f\u00e9d\u00e9ratrice, conforme aux exigences des autorit\u00e9s sanitaires nationales et internationales.<\/p>\n<\/div>\n<p>Auteur: ALM<br \/>\n<a href=\"http:\/\/aujourdhui.ma\/economie\/relation-client-majorel-decroche-le-label-de-la-conformite-sanitaire\">Cliquez ici pour lire l&rsquo;article depuis sa source.<\/a><\/p>\n","protected":false},"excerpt":{"rendered":"<p>Majorel consacr\u00e9 pour sa politique d\u2019excellence sanitaire et son engagement pour la protection de ses collaborateurs dans ce contexte de crise sanitaire. L\u2019acteur de la relation client au Maroc vient de d\u00e9crocher le label de conformit\u00e9 sanitaire apr\u00e8s \u00e9valuation par les auditeurs experts de l\u2019Association fran\u00e7aise de normalisation (AFNOR) et ce pour l\u2019ensemble de ses [&hellip;]<\/p>\n","protected":false},"author":1759,"featured_media":84157,"comment_status":"closed","ping_status":"closed","sticky":false,"template":"","format":"standard","meta":{"fifu_image_url":"","fifu_image_alt":"","footnotes":""},"categories":[73,54],"tags":[],"class_list":["post-84156","post","type-post","status-publish","format-standard","has-post-thumbnail","hentry","category-actualite","category-maroc"],"_links":{"self":[{"href":"https:\/\/linitiative.ca\/International\/wp-json\/wp\/v2\/posts\/84156","targetHints":{"allow":["GET"]}}],"collection":[{"href":"https:\/\/linitiative.ca\/International\/wp-json\/wp\/v2\/posts"}],"about":[{"href":"https:\/\/linitiative.ca\/International\/wp-json\/wp\/v2\/types\/post"}],"author":[{"embeddable":true,"href":"https:\/\/linitiative.ca\/International\/wp-json\/wp\/v2\/users\/1759"}],"replies":[{"embeddable":true,"href":"https:\/\/linitiative.ca\/International\/wp-json\/wp\/v2\/comments?post=84156"}],"version-history":[{"count":0,"href":"https:\/\/linitiative.ca\/International\/wp-json\/wp\/v2\/posts\/84156\/revisions"}],"wp:featuredmedia":[{"embeddable":true,"href":"https:\/\/linitiative.ca\/International\/wp-json\/"}],"wp:attachment":[{"href":"https:\/\/linitiative.ca\/International\/wp-json\/wp\/v2\/media?parent=84156"}],"wp:term":[{"taxonomy":"category","embeddable":true,"href":"https:\/\/linitiative.ca\/International\/wp-json\/wp\/v2\/categories?post=84156"},{"taxonomy":"post_tag","embeddable":true,"href":"https:\/\/linitiative.ca\/International\/wp-json\/wp\/v2\/tags?post=84156"}],"curies":[{"name":"wp","href":"https:\/\/api.w.org\/{rel}","templated":true}]}}