{"id":84158,"date":"2020-05-03T10:26:33","date_gmt":"2020-05-03T14:26:33","guid":{"rendered":"https:\/\/linitiative.ca\/International\/lutte-contre-le-covid-19-laspenac-fait-un-don-en-nature-au-profit-dun-centre-hospitalier\/"},"modified":"2020-05-03T10:26:33","modified_gmt":"2020-05-03T14:26:33","slug":"lutte-contre-le-covid-19-laspenac-fait-un-don-en-nature-au-profit-dun-centre-hospitalier","status":"publish","type":"post","link":"https:\/\/linitiative.ca\/International\/lutte-contre-le-covid-19-laspenac-fait-un-don-en-nature-au-profit-dun-centre-hospitalier\/","title":{"rendered":"Lutte contre le Covid-19: L\u2019Aspenac fait un don en nature au profit d\u2019un centre hospitalier"},"content":{"rendered":"<header>\n<\/header>\n<div class=\"entry-content clearfix\" readability=\"49\"><img decoding=\"async\" class=\"post_layout_5_img\" src=\"http:\/\/aujourdhui.ma\/wp-content\/uploads\/2020\/05\/Aspenac-Maroc-Royal-air-Maroc.jpg\" alt=\"Lutte contre le Covid-19: L&#x2019;Aspenac fait un don en nature au profit d&#x2019;un centre hospitalier\"\/><\/p>\n<p><strong><span class=\"c4\">L\u2019Association du personnel navigant commercial \u00abAspenac Maroc\u00bb et au nom de tous les chefs de cabine Royal Air Maroc participe \u00e0 l\u2019\u00e9lan collectif et contribue au mouvement de solidarit\u00e9 nationale pour la lutte contre le Covid-19 en accompagnant les efforts fournis par le minist\u00e8re de la sant\u00e9 \u00e0 travers des dons en nature sous forme d\u2019\u00e9quipements m\u00e9dicaux :<\/span> <span id=\"more-343725\"\/><\/strong><\/p>\n<p>g\u00e9n\u00e9rateur d\u2019oxyg\u00e8ne, produits de d\u00e9sinfection, masques chirurgicaux, m\u00e9dicaments, lait pour nouveau-n\u00e9s, un \u00e9cran de t\u00e9l\u00e9vision pour diffuser des programmes de sensibilisation et bien d\u2019autres articles n\u00e9cessaires pour faire face \u00e0 cette pand\u00e9mie et pour le traitement des urgences.<\/p>\n<p>L\u2019Aspenac souligne dans son communiqu\u00e9 que ces dons seront livr\u00e9s lundi par le comit\u00e9 de l\u2019association et certains de ses membres actifs aux responsables du centre hospitalier de Bir Jdid, d\u00e9l\u00e9gation provinciale d\u2019El Jadida.<\/p>\n<\/div>\n<p>Auteur: ALM<br \/>\n<a href=\"http:\/\/aujourdhui.ma\/societe\/lutte-contre-le-covid-19-laspenac-fait-un-don-en-nature-au-profit-dun-centre-hospitalier\">Cliquez ici pour lire l&rsquo;article depuis sa source.<\/a><\/p>\n","protected":false},"excerpt":{"rendered":"<p>L\u2019Association du personnel navigant commercial \u00abAspenac Maroc\u00bb et au nom de tous les chefs de cabine Royal Air Maroc participe \u00e0 l\u2019\u00e9lan collectif et contribue au mouvement de solidarit\u00e9 nationale pour la lutte contre le Covid-19 en accompagnant les efforts fournis par le minist\u00e8re de la sant\u00e9 \u00e0 travers des dons en nature sous forme [&hellip;]<\/p>\n","protected":false},"author":1759,"featured_media":84159,"comment_status":"closed","ping_status":"closed","sticky":false,"template":"","format":"standard","meta":{"fifu_image_url":"","fifu_image_alt":"","footnotes":""},"categories":[73,54],"tags":[],"class_list":["post-84158","post","type-post","status-publish","format-standard","has-post-thumbnail","hentry","category-actualite","category-maroc"],"_links":{"self":[{"href":"https:\/\/linitiative.ca\/International\/wp-json\/wp\/v2\/posts\/84158","targetHints":{"allow":["GET"]}}],"collection":[{"href":"https:\/\/linitiative.ca\/International\/wp-json\/wp\/v2\/posts"}],"about":[{"href":"https:\/\/linitiative.ca\/International\/wp-json\/wp\/v2\/types\/post"}],"author":[{"embeddable":true,"href":"https:\/\/linitiative.ca\/International\/wp-json\/wp\/v2\/users\/1759"}],"replies":[{"embeddable":true,"href":"https:\/\/linitiative.ca\/International\/wp-json\/wp\/v2\/comments?post=84158"}],"version-history":[{"count":0,"href":"https:\/\/linitiative.ca\/International\/wp-json\/wp\/v2\/posts\/84158\/revisions"}],"wp:featuredmedia":[{"embeddable":true,"href":"https:\/\/linitiative.ca\/International\/wp-json\/"}],"wp:attachment":[{"href":"https:\/\/linitiative.ca\/International\/wp-json\/wp\/v2\/media?parent=84158"}],"wp:term":[{"taxonomy":"category","embeddable":true,"href":"https:\/\/linitiative.ca\/International\/wp-json\/wp\/v2\/categories?post=84158"},{"taxonomy":"post_tag","embeddable":true,"href":"https:\/\/linitiative.ca\/International\/wp-json\/wp\/v2\/tags?post=84158"}],"curies":[{"name":"wp","href":"https:\/\/api.w.org\/{rel}","templated":true}]}}