{"id":84160,"date":"2020-05-03T10:38:21","date_gmt":"2020-05-03T14:38:21","guid":{"rendered":"https:\/\/linitiative.ca\/International\/la-chanson-amazighe-en-deuil-idir-lami-du-maroc-et-du-festival-timitar-tire-sa-reverence\/"},"modified":"2020-05-03T10:38:21","modified_gmt":"2020-05-03T14:38:21","slug":"la-chanson-amazighe-en-deuil-idir-lami-du-maroc-et-du-festival-timitar-tire-sa-reverence","status":"publish","type":"post","link":"https:\/\/linitiative.ca\/International\/la-chanson-amazighe-en-deuil-idir-lami-du-maroc-et-du-festival-timitar-tire-sa-reverence\/","title":{"rendered":"La chanson amazighe en deuil : Idir, l\u2019ami du Maroc et du festival Timitar, tire sa r\u00e9v\u00e9rence"},"content":{"rendered":"<p><img decoding=\"async\" class=\"post_layout_5_img\" src=\"http:\/\/aujourdhui.ma\/wp-content\/uploads\/2016\/07\/Idir-Timitar.jpg\" alt=\"La chanson amazighe en deuil : Idir, l&#x2019;ami du Maroc et du festival Timitar, tire sa r&#xE9;v&#xE9;rence\"\/><\/p>\n<p><span class=\"c5\"><span class=\"c4\"><strong>L\u2019auteur de l\u2019intemporel et mythique titre \u00abA vava Inouva\u00bb nous a quitt\u00e9s samedi soir \u00e0 Paris.<\/strong><\/span><span id=\"more-343726\"\/><\/span><\/p>\n<p>Le d\u00e9c\u00e8s du c\u00e9l\u00e8bre chanteur kabyle, Idir, qui a succomb\u00e9 \u00e0 une maladie pulmonaire \u00e0 l\u2019h\u00f4pital Bichat-Claude-Bernard, \u00e0 Paris, a \u00e9t\u00e9 annonc\u00e9 par sa famille dans un post publi\u00e9 sur les r\u00e9seaux sociaux.<\/p>\n<p>\u00abNous avons le regret de vous annoncer le d\u00e9c\u00e8s de notre p\u00e8re (\u00e0 tous), Idir, le samedi 2 mai \u00e0 21h30. Repose en paix papa\u00bb, indique un message publi\u00e9 sur la page Facebook officielle du chanteur install\u00e9 en France.<\/p>\n<p>De son vrai nom Hamid Cheriet, Idir est n\u00e9 le 25 octobre 1949 \u00e0 A\u00eft Lahc\u00e8ne, pr\u00e8s de Tizi Ouzou, capitale de la Grande Kabylie.<\/p>\n<p>Alors qu\u2019il se destinait \u00e0 \u00eatre g\u00e9ologue, un passage en 1973 sur Radio Alger change le cours de sa vie, il remplace la chanteuse Nouara, surnomm\u00e9e la diva de la chanson kabyle, et sa chanson en langue berb\u00e8re \u00abA Vava Inouva\u00bb fait le tour du monde alors qu\u2019il faisait son service militaire.<\/p>\n<p>En 1975, il rejoint Paris pour produire son premier album, \u00e9galement intitul\u00e9 \u00abA Vava Inouva\u00bb.<\/p>\n<p>Pendant dix ans, de 1981 \u00e0 1991, il dispara\u00eet de la sc\u00e8ne, mais sa carri\u00e8re va \u00eatre ensuite relanc\u00e9e. \u00c0 l\u2019automne 1999, il signe son retour discographique avec l\u2019album \u00abIdentit\u00e9s\u00bb, o\u00f9 il propose un m\u00e9lange de \u00abch\u00e2\u00e2bi\u00bb, la musique alg\u00e9roise, et de rythmes emprunt\u00e9s aux genres occidentaux.<\/p>\n<p>Les th\u00e8mes de ses chansons \u00e9crites en kabyle ou en fran\u00e7ais recouvrent diff\u00e9rents th\u00e8mes comme l\u2019exil (A Vava Inouva), la f\u00eate (Zwit Rwit), les souvenirs (Cfiy) ou encore l\u2019\u00e9motion (Ssendu).<\/p>\n<p>Sa chanson \u00abA Vava inouva\u00bb (Oh mon p\u00e8re), traduite en plusieurs langues, est c\u00e9l\u00e8bre dans le monde entier. Sa musique douce refl\u00e8te une culture, une civilisation et un mode de vie amazigh s\u00e9culaire.<\/p>\n<p>Au Maroc o\u00f9 il a \u00e9t\u00e9 invit\u00e9 \u00e0 plusieurs reprises pour animer des concerts, le c\u00e9l\u00e8bre chanteur kabyle \u00e9tait tr\u00e8s appr\u00e9ci\u00e9 et respect\u00e9.<\/p>\n<p>En 2016, il re\u00e7oit \u00e0 Oujda, ville frontali\u00e8re de son pays natal l\u2019Alg\u00e9rie, le prix \u00abRabab d\u2019or\u00bb, parrain\u00e9 par le Conseil international de la musique (CIM), partenaire officiel de l\u2019Unesco-Paris. Le d\u00e9funt \u00e9tait \u00e9galement un habitu\u00e9 du festival Timitar.<\/p>\n<p>Ce prix, une initiative du Comit\u00e9 national de la musique (membre permanent du CIM), avec la collaboration de l\u2019AOA (organisatrice du Festival international du rai), marque une reconnaissance de la riche carri\u00e8re artistique de cette l\u00e9gende de la chanson amazighe.<\/p>\n<p>Auteur: ALM<br \/>\n<a href=\"http:\/\/aujourdhui.ma\/culture\/musique\/la-chanson-amazighe-en-deuil-idir-lami-du-maroc-et-du-festival-timitar-tire-sa-reverence\">Cliquez ici pour lire l&rsquo;article depuis sa source.<\/a><\/p>\n","protected":false},"excerpt":{"rendered":"<p>L\u2019auteur de l\u2019intemporel et mythique titre \u00abA vava Inouva\u00bb nous a quitt\u00e9s samedi soir \u00e0 Paris. Le d\u00e9c\u00e8s du c\u00e9l\u00e8bre chanteur kabyle, Idir, qui a succomb\u00e9 \u00e0 une maladie pulmonaire \u00e0 l\u2019h\u00f4pital Bichat-Claude-Bernard, \u00e0 Paris, a \u00e9t\u00e9 annonc\u00e9 par sa famille dans un post publi\u00e9 sur les r\u00e9seaux sociaux. \u00abNous avons le regret de vous [&hellip;]<\/p>\n","protected":false},"author":1759,"featured_media":84161,"comment_status":"closed","ping_status":"closed","sticky":false,"template":"","format":"standard","meta":{"fifu_image_url":"","fifu_image_alt":"","footnotes":""},"categories":[73,54],"tags":[],"class_list":["post-84160","post","type-post","status-publish","format-standard","has-post-thumbnail","hentry","category-actualite","category-maroc"],"_links":{"self":[{"href":"https:\/\/linitiative.ca\/International\/wp-json\/wp\/v2\/posts\/84160","targetHints":{"allow":["GET"]}}],"collection":[{"href":"https:\/\/linitiative.ca\/International\/wp-json\/wp\/v2\/posts"}],"about":[{"href":"https:\/\/linitiative.ca\/International\/wp-json\/wp\/v2\/types\/post"}],"author":[{"embeddable":true,"href":"https:\/\/linitiative.ca\/International\/wp-json\/wp\/v2\/users\/1759"}],"replies":[{"embeddable":true,"href":"https:\/\/linitiative.ca\/International\/wp-json\/wp\/v2\/comments?post=84160"}],"version-history":[{"count":0,"href":"https:\/\/linitiative.ca\/International\/wp-json\/wp\/v2\/posts\/84160\/revisions"}],"wp:featuredmedia":[{"embeddable":true,"href":"https:\/\/linitiative.ca\/International\/wp-json\/"}],"wp:attachment":[{"href":"https:\/\/linitiative.ca\/International\/wp-json\/wp\/v2\/media?parent=84160"}],"wp:term":[{"taxonomy":"category","embeddable":true,"href":"https:\/\/linitiative.ca\/International\/wp-json\/wp\/v2\/categories?post=84160"},{"taxonomy":"post_tag","embeddable":true,"href":"https:\/\/linitiative.ca\/International\/wp-json\/wp\/v2\/tags?post=84160"}],"curies":[{"name":"wp","href":"https:\/\/api.w.org\/{rel}","templated":true}]}}