{"id":84162,"date":"2020-05-03T09:31:09","date_gmt":"2020-05-03T13:31:09","guid":{"rendered":"https:\/\/linitiative.ca\/International\/lente-amelioration-a-confirmer-avant-le-deconfinement\/"},"modified":"2020-05-03T09:31:09","modified_gmt":"2020-05-03T13:31:09","slug":"lente-amelioration-a-confirmer-avant-le-deconfinement","status":"publish","type":"post","link":"https:\/\/linitiative.ca\/International\/lente-amelioration-a-confirmer-avant-le-deconfinement\/","title":{"rendered":"Lente am\u00e9lioration \u00e0 confirmer avant le d\u00e9confinement"},"content":{"rendered":"<div>\n<p style=\"color:#5406e5\" class=\"has-text-color\"><strong>La lente am&eacute;lioration dans la lutte contre le coronavirus est &agrave; confirmer avant un d&eacute;confinement autour duquel les interrogations subsistent, de la r&eacute;ouverture des &eacute;coles aux mesures de quarantaine pr&eacute;vues &agrave; l&rsquo;entr&eacute;e en France apr&egrave;s le 11 mai.<\/strong><\/p>\n<p>La pression sur<br \/>\nles services de r&eacute;animation continue &agrave; s&rsquo;amoindrir, avec 51 patients atteints<br \/>\ndu Covid-19 en moins au cours des derni&egrave;res 24 heures, a annonc&eacute; samedi le<br \/>\nminist&egrave;re de la Sant&eacute;. Le virus a caus&eacute; la mort de 166 personnes lors des<br \/>\nderni&egrave;res 24 heures, loin des centaines de morts quotidiennes il y a encore<br \/>\nquelques semaines.<\/p>\n<p>La carte de<br \/>\nFrance a encore &laquo;verdi&raquo; un peu plus samedi. Dans les d&eacute;partements en vert, 47<br \/>\nau total, une moindre pr&eacute;sence du virus permettra d&rsquo;organiser un d&eacute;confinement<br \/>\nplus large. La carte d&eacute;finitive sera publi&eacute;e le 7 mai.<\/p>\n<p>Le gouvernement<br \/>\nn&rsquo;entend pas baisser la garde et a annonc&eacute; samedi la prolongation de l&rsquo;&eacute;tat<br \/>\nd&rsquo;urgence sanitaire jusqu&rsquo;au 24 juillet. Celle-ci ne pouvant &ecirc;tre autoris&eacute;e que<br \/>\npar la loi, le texte sera examin&eacute; &agrave; partir de lundi au S&eacute;nat puis du lendemain<br \/>\n&agrave; l&rsquo;Assembl&eacute;e nationale.<\/p>\n<p>L&rsquo;ex&eacute;cutif a<br \/>\naussi rendu obligatoire une &laquo;quatorzaine&raquo; pour les personnes arrivant sur le<br \/>\nterritoire national, dont les conditions de mise en oeuvre doivent &ecirc;tre<br \/>\narr&ecirc;t&eacute;es dans les jours &agrave; venir, et un isolement si elles sont malades.<\/p>\n<p>En revanche,<br \/>\npour les personnes test&eacute;es positives qui se trouvent d&eacute;j&agrave; sur le territoire, le<br \/>\ngouvernement &laquo;n&rsquo;a pas pris de dispositif l&eacute;gislatif pour imposer l&rsquo;isolement&raquo;,<br \/>\na d&eacute;taill&eacute; le ministre de la Sant&eacute; Olivier V&eacute;ran, comptant sur &laquo;l&rsquo;esprit de<br \/>\nresponsabilit&eacute; des Fran&ccedil;ais&raquo;.<\/p>\n<p>Le gouvernement<br \/>\nest &eacute;galement rest&eacute; prudent sur le tra&ccedil;age des malades. L&rsquo;application<br \/>\ncontrovers&eacute;e StopCovid ne sera ainsi pas disponible le 11 mai.<\/p>\n<p>Seront en<br \/>\nrevanche actives des &laquo;brigades&raquo; qui visent &agrave; &laquo;casser&raquo; les cha&icirc;nes de<br \/>\ncontamination en identifiant les personnes en contact avec un malade, pour les<br \/>\ninviter &agrave; se faire tester, voire &agrave; s&rsquo;isoler.<\/p>\n<p>Le chef de file<br \/>\ndes s&eacute;nateurs LR Bruno Retailleau, a annonc&eacute; que les &eacute;lus de son parti<br \/>\nsaisiront le Conseil constitutionnel sur le projet de loi, tandis que le S&eacute;nat<br \/>\npr&eacute;voit une commission d&rsquo;enqu&ecirc;te sur la crise sanitaire en juin. De tr&egrave;s<br \/>\nnombreuses interrogations demeurent sur l&rsquo;apr&egrave;s-11 mai, essentiellement autour<br \/>\nde la r&eacute;ouverture des &eacute;coles.<\/p>\n<p>La &laquo;majorit&eacute; des<br \/>\n&eacute;coles&raquo; maternelles et primaires seront au rendez-vous du 11 mai, a assur&eacute; le<br \/>\nministre de l&rsquo;Education Jean-Michel Blanquer, avec un maximum de 15 enfants par<br \/>\nclasse.<\/p>\n<p>Pour les<br \/>\naccueillir, les &eacute;coles devront respecter un protocole sanitaire tr&egrave;s strict:<br \/>\nlavage de mains r&eacute;p&eacute;t&eacute;s, jeux proscrits, d&eacute;sinfection du mat&eacute;riel&hellip; un vrai<br \/>\ncasse-t&ecirc;te, surtout en maternelle, font valoir certains enseignants. A Lyon,<br \/>\naucune date de rentr&eacute;e n&rsquo;a &eacute;t&eacute; fix&eacute;e pour les &eacute;l&egrave;ves de petite et moyenne<br \/>\nsection de maternelle.<\/p>\n<p>En Normandie,<br \/>\nles lyc&eacute;es ne rouvriront que pour &laquo;passer des examens&raquo; ou &laquo;r&eacute;unir des jurys&raquo;, a<br \/>\nindiqu&eacute; le pr&eacute;sident de la r&eacute;gion Normandie, Herv&eacute; Morin (Les Centristes).<\/p>\n<p>Autre source de<br \/>\ntension en pr&eacute;vision du 11 mai: la vente des masques dont le port sera<br \/>\nobligatoire dans les transports publics.<\/p>\n<p>Le gouvernement<br \/>\na plafonn&eacute; le prix de vente des masques chirurgicaux &agrave; 95 centimes l&rsquo;unit&eacute;,<br \/>\nmais pas celui des masques en tissu, en raison de la diversit&eacute; des mod&egrave;les et<br \/>\nde leur provenance.<\/p>\n<p>La pol&eacute;mique<br \/>\nface &agrave; une hausse attendue de l&rsquo;offre de masques continue de battre son plein.<br \/>\nLa grande distribution s&rsquo;est une nouvelle fois d&eacute;fendue samedi d&rsquo;avoir<br \/>\nconstitu&eacute; des &laquo;stocks cach&eacute;s&raquo; de masques &agrave; usage unique, une pol&eacute;mique &laquo;nulle&raquo;<br \/>\npour le patron du groupe Leclerc, &laquo;insens&eacute;e&raquo; pour celui de Syst&egrave;me U.<\/p>\n<p>Les Ordres des<br \/>\nprofessions de sant&eacute; se sont offusqu&eacute;s du nombre &laquo;sid&eacute;rant&raquo; de masques annonc&eacute;s<br \/>\n&agrave; la vente par la grande distribution &agrave; partir de lundi: &laquo;100 millions par ici,<br \/>\n50 millions par l&agrave;. Qui dit mieux ? C&rsquo;est la surench&egrave;re de l&rsquo;ind&eacute;cence.&raquo;<\/p>\n<p>&laquo;Je trouve &ccedil;a<br \/>\nd&eacute;gueulasse, car &ccedil;a casse le front qui s&rsquo;est construit entre le personnel de<br \/>\nsant&eacute; et le monde &eacute;conomique&raquo;, a r&eacute;agi le pr&eacute;sident du g&eacute;ant Leclerc,<br \/>\nMichel-Edouard Leclerc, dans une interview au JDD.<\/p>\n<p>Sur le plan<br \/>\n&eacute;conomique, la crise sanitaire continue ses ravages : la SNCF a subi un manque<br \/>\n&agrave; gagner de deux milliards d&rsquo;euros du fait du virus, a annonc&eacute; son PDG<br \/>\nJean-Pierre Farandou, envisageant une aide de l&rsquo;Etat et des suppressions de<br \/>\npostes.<\/p>\n<p>Et c&ocirc;t&eacute;<br \/>\ntransports, la crainte est grande en Ile-de-France o&ugrave; la pr&eacute;sidente de la<br \/>\nr&eacute;gion, Val&eacute;rie P&eacute;cresse, demande que les salari&eacute;s aujourd&rsquo;hui en t&eacute;l&eacute;travail<br \/>\nne retournent pas au bureau le 11 mai pour &eacute;viter l&rsquo;engorgement du m&eacute;tro ou du<br \/>\nRER.<\/p>\n<p>L&rsquo;apr&egrave;s-11 mai<br \/>\nreste aussi sujet d&rsquo;inqui&eacute;tudes pour le monde de la culture, &agrave; l&rsquo;arr&ecirc;t complet<br \/>\ndepuis le confinement.<\/p>\n<p>Samedi, les organisateurs de la Route du Rock ont finalement annonc&eacute; avoir d&eacute;cid&eacute; d&rsquo;annuler purement et simplement l&rsquo;&eacute;v&eacute;nement, initialement pr&eacute;vu du 19 au 22 ao&ucirc;t. Emmanuel Macron a promis de &laquo;premi&egrave;res mesures&raquo; mercredi pour le monde de la culture, en grandes difficult&eacute;s depuis le 17 mars.<\/p>\n<p style=\"text-align:right\"><strong>(AFP) <\/strong><\/p>\n<p>L&rsquo;article <a rel=\"nofollow\" href=\"http:\/\/albayane.press.ma\/lente-amelioration-a-confirmer-avant-le-deconfinement.html\">Lente am&eacute;lioration &agrave; confirmer avant le d&eacute;confinement<\/a> est apparu en premier sur <a rel=\"nofollow\" href=\"http:\/\/albayane.press.ma\/\">ALBAYANE<\/a>.<\/p>\n<\/div>\n<p>Auteur: M&rsquo;hammed rahal<br \/>\n<a href=\"http:\/\/albayane.press.ma\/lente-amelioration-a-confirmer-avant-le-deconfinement.html\">Cliquez ici pour lire l&rsquo;article depuis sa source.<\/a><\/p>\n","protected":false},"excerpt":{"rendered":"<p>La lente am&eacute;lioration dans la lutte contre le coronavirus est &agrave; confirmer avant un d&eacute;confinement autour duquel les interrogations subsistent, de la r&eacute;ouverture des &eacute;coles aux mesures de quarantaine pr&eacute;vues &agrave; l&rsquo;entr&eacute;e en France apr&egrave;s le 11 mai. La pression sur les services de r&eacute;animation continue &agrave; s&rsquo;amoindrir, avec 51 patients atteints du Covid-19 en [&hellip;]<\/p>\n","protected":false},"author":1760,"featured_media":0,"comment_status":"closed","ping_status":"closed","sticky":false,"template":"","format":"standard","meta":{"fifu_image_url":"","fifu_image_alt":"","footnotes":""},"categories":[73,54],"tags":[],"class_list":["post-84162","post","type-post","status-publish","format-standard","hentry","category-actualite","category-maroc"],"_links":{"self":[{"href":"https:\/\/linitiative.ca\/International\/wp-json\/wp\/v2\/posts\/84162","targetHints":{"allow":["GET"]}}],"collection":[{"href":"https:\/\/linitiative.ca\/International\/wp-json\/wp\/v2\/posts"}],"about":[{"href":"https:\/\/linitiative.ca\/International\/wp-json\/wp\/v2\/types\/post"}],"author":[{"embeddable":true,"href":"https:\/\/linitiative.ca\/International\/wp-json\/wp\/v2\/users\/1760"}],"replies":[{"embeddable":true,"href":"https:\/\/linitiative.ca\/International\/wp-json\/wp\/v2\/comments?post=84162"}],"version-history":[{"count":0,"href":"https:\/\/linitiative.ca\/International\/wp-json\/wp\/v2\/posts\/84162\/revisions"}],"wp:attachment":[{"href":"https:\/\/linitiative.ca\/International\/wp-json\/wp\/v2\/media?parent=84162"}],"wp:term":[{"taxonomy":"category","embeddable":true,"href":"https:\/\/linitiative.ca\/International\/wp-json\/wp\/v2\/categories?post=84162"},{"taxonomy":"post_tag","embeddable":true,"href":"https:\/\/linitiative.ca\/International\/wp-json\/wp\/v2\/tags?post=84162"}],"curies":[{"name":"wp","href":"https:\/\/api.w.org\/{rel}","templated":true}]}}