{"id":84167,"date":"2020-05-03T13:03:13","date_gmt":"2020-05-03T17:03:13","guid":{"rendered":"https:\/\/linitiative.ca\/International\/condoleances-de-m-belhimer-a-la-famille-de-licone-de-la-chanson-algerienne-idir\/"},"modified":"2020-05-03T13:03:13","modified_gmt":"2020-05-03T17:03:13","slug":"condoleances-de-m-belhimer-a-la-famille-de-licone-de-la-chanson-algerienne-idir","status":"publish","type":"post","link":"https:\/\/linitiative.ca\/International\/condoleances-de-m-belhimer-a-la-famille-de-licone-de-la-chanson-algerienne-idir\/","title":{"rendered":"Condol\u00e9ances de M. Belhimer \u00e0 la famille de l&rsquo;ic\u00f4ne de la chanson alg\u00e9rienne, Idir"},"content":{"rendered":"<p><span class=\"sp-nh-title\">CACI: une initiative pour accompagner les entreprises \u00e9conomiques pendant la crise du Covid-19<\/span> &#8211; <span class=\"sp-nh-date\">dimanche 3 mai 2020 17:26<\/span><\/p>\n<p><span class=\"sp-nh-title\">Personnalit\u00e9s du monde de la culture et internautes saluent la m\u00e9moire de Idir<\/span> &#8211; <span class=\"sp-nh-date\">dimanche 3 mai 2020 17:15<\/span><\/p>\n<p><span class=\"sp-nh-title\">Coronavirus\/Reprise de l&rsquo;activit\u00e9 handisport : On prendra la d\u00e9cision la plus idoine<\/span> &#8211; <span class=\"sp-nh-date\">dimanche 3 mai 2020 17:15<\/span><\/p>\n<p><span class=\"sp-nh-title\">PLFC : baisse des r\u00e9serves de change \u00e0 44,2 mds \u00e0 fin 2020<\/span> &#8211; <span class=\"sp-nh-date\">dimanche 3 mai 2020 17:07<\/span><\/p>\n<p><span class=\"sp-nh-title\">Sahara occidental: des organisations d\u00e9noncent les pratiques marocaines contre les journalistes<\/span> &#8211; <span class=\"sp-nh-date\">dimanche 3 mai 2020 17:05<\/span><\/p>\n<p><span class=\"sp-nh-title\">L&rsquo;ARPCE met en demeure les op\u00e9rateurs de la t\u00e9l\u00e9phonie mobile de se conformer aux exigences de couverture et de qualit\u00e9 de la 4 G\u00a0<\/span> &#8211; <span class=\"sp-nh-date\">dimanche 3 mai 2020 16:47<\/span><\/p>\n<p><span class=\"sp-nh-title\">Journ\u00e9e mondiale de la libert\u00e9 de la presse : Djerad adresse ses v\u0153ux aux journalistes et aux travailleurs du secteur<\/span> &#8211; <span class=\"sp-nh-date\">dimanche 3 mai 2020 16:43<\/span><\/p>\n<p><span class=\"sp-nh-title\">Coronavirus : 179 nouveaux cas confirm\u00e9s et 4 nouveaux d\u00e9c\u00e8s en Alg\u00e9rie<\/span> &#8211; <span class=\"sp-nh-date\">dimanche 3 mai 2020 16:25<\/span><\/p>\n<p><span class=\"sp-nh-title\">Trois terroristes neutralis\u00e9s, un autre arr\u00eat\u00e9 et 22 casemates d\u00e9truites avril dernier<\/span> &#8211; <span class=\"sp-nh-date\">dimanche 3 mai 2020 16:19<\/span><\/p>\n<p><span class=\"sp-nh-title\">Les plats \u00e0 emporter et le service \u00e0 domicile, une alternative pour les restaurants de la Rahma \u00e0 Chlef<\/span> &#8211; <span class=\"sp-nh-date\">dimanche 3 mai 2020 16:16<\/span><\/p>\n<p><span class=\"sp-nh-title\">El-Oued : exp\u00e9rience r\u00e9ussie de culture de canne \u00e0 sucre<\/span> &#8211; <span class=\"sp-nh-date\">dimanche 3 mai 2020 16:01<\/span><\/p>\n<p><span class=\"sp-nh-title\">Wilaya d&rsquo;Alger : refermeture de certains commerces suite au non respect des mesures pr\u00e9ventives<\/span> &#8211; <span class=\"sp-nh-date\">dimanche 3 mai 2020 15:43<\/span><\/p>\n<p><span class=\"sp-nh-title\">Belhimer met en avant la lutte et les sacrifices des martyrs du devoir professionnel<\/span> &#8211; <span class=\"sp-nh-date\">dimanche 3 mai 2020 15:03<\/span><\/p>\n<p><span class=\"sp-nh-title\">Les chantiers de r\u00e9forme du secteur de la presse relanc\u00e9s d\u00e8s la lev\u00e9e du confinement<\/span> &#8211; <span class=\"sp-nh-date\">dimanche 3 mai 2020 14:50<\/span><\/p>\n<p><span class=\"sp-nh-title\">Report du proc\u00e8s de Hamel et Berrachdi au 31 mai apr\u00e8s leur refus d\u2019un jugement \u00e0 distance<\/span> &#8211; <span class=\"sp-nh-date\">dimanche 3 mai 2020 14:35<\/span><\/p>\n<p><span class=\"sp-nh-title\">Condol\u00e9ances de M. Belhimer \u00e0 la famille de l&rsquo;ic\u00f4ne de la chanson alg\u00e9rienne, Idir<\/span> &#8211; <span class=\"sp-nh-date\">dimanche 3 mai 2020 14:25<\/span><\/p>\n<p><span class=\"sp-nh-title\">Le G\u00e9n\u00e9ral-major Chanegriha en visite de travail \u00e0 partir de lundi en 3e R\u00e9gion militaire<\/span> &#8211; <span class=\"sp-nh-date\">dimanche 3 mai 2020 14:04<\/span><\/p>\n<p><span class=\"sp-nh-title\">Covid-19: Belhimer met en avant l\u2019importance de la communication de crise<\/span> &#8211; <span class=\"sp-nh-date\">dimanche 3 mai 2020 13:57<\/span><\/p>\n<p><span class=\"sp-nh-title\">Le pr\u00e9sident Tebboune pr\u00e9side une r\u00e9union du Conseil des ministres<\/span> &#8211; <span class=\"sp-nh-date\">dimanche 3 mai 2020 13:06<\/span><\/p>\n<p><span class=\"sp-nh-title\">Produits alimentaires: recul de 3,5 % de la facture d&rsquo;importation durant les deux premiers mois de 2020<\/span> &#8211; <span class=\"sp-nh-date\">dimanche 3 mai 2020 12:41<\/span><\/p>\n<p>Auteur:<br \/>\n<a href=\"http:\/\/www.aps.dz\/culture\/104648-condoleances-de-m-belhimer-a-la-famille-de-l-icone-de-la-chanson-algerienne-idir\">Cliquez ici pour lire l&rsquo;article depuis sa source.<\/a><\/p>\n","protected":false},"excerpt":{"rendered":"<p>CACI: une initiative pour accompagner les entreprises \u00e9conomiques pendant la crise du Covid-19 &#8211; dimanche 3 mai 2020 17:26 Personnalit\u00e9s du monde de la culture et internautes saluent la m\u00e9moire de Idir &#8211; dimanche 3 mai 2020 17:15 Coronavirus\/Reprise de l&rsquo;activit\u00e9 handisport : On prendra la d\u00e9cision la plus idoine &#8211; dimanche 3 mai 2020 [&hellip;]<\/p>\n","protected":false},"author":1790,"featured_media":0,"comment_status":"closed","ping_status":"closed","sticky":false,"template":"","format":"standard","meta":{"fifu_image_url":"","fifu_image_alt":"","footnotes":""},"categories":[53,79],"tags":[],"class_list":["post-84167","post","type-post","status-publish","format-standard","hentry","category-algerie","category-culture"],"_links":{"self":[{"href":"https:\/\/linitiative.ca\/International\/wp-json\/wp\/v2\/posts\/84167","targetHints":{"allow":["GET"]}}],"collection":[{"href":"https:\/\/linitiative.ca\/International\/wp-json\/wp\/v2\/posts"}],"about":[{"href":"https:\/\/linitiative.ca\/International\/wp-json\/wp\/v2\/types\/post"}],"author":[{"embeddable":true,"href":"https:\/\/linitiative.ca\/International\/wp-json\/wp\/v2\/users\/1790"}],"replies":[{"embeddable":true,"href":"https:\/\/linitiative.ca\/International\/wp-json\/wp\/v2\/comments?post=84167"}],"version-history":[{"count":0,"href":"https:\/\/linitiative.ca\/International\/wp-json\/wp\/v2\/posts\/84167\/revisions"}],"wp:attachment":[{"href":"https:\/\/linitiative.ca\/International\/wp-json\/wp\/v2\/media?parent=84167"}],"wp:term":[{"taxonomy":"category","embeddable":true,"href":"https:\/\/linitiative.ca\/International\/wp-json\/wp\/v2\/categories?post=84167"},{"taxonomy":"post_tag","embeddable":true,"href":"https:\/\/linitiative.ca\/International\/wp-json\/wp\/v2\/tags?post=84167"}],"curies":[{"name":"wp","href":"https:\/\/api.w.org\/{rel}","templated":true}]}}