{"id":84168,"date":"2020-05-03T13:03:16","date_gmt":"2020-05-03T17:03:16","guid":{"rendered":"https:\/\/linitiative.ca\/International\/personnalites-du-monde-de-la-culture-et-internautes-saluent-la-memoire-de-idir\/"},"modified":"2020-05-03T13:03:16","modified_gmt":"2020-05-03T17:03:16","slug":"personnalites-du-monde-de-la-culture-et-internautes-saluent-la-memoire-de-idir","status":"publish","type":"post","link":"https:\/\/linitiative.ca\/International\/personnalites-du-monde-de-la-culture-et-internautes-saluent-la-memoire-de-idir\/","title":{"rendered":"Personnalit\u00e9s du monde de la culture et internautes saluent la m\u00e9moire de Idir"},"content":{"rendered":"<div readability=\"37\">\n<p><strong>ALGER- La disparition de l&rsquo;ic\u00f4ne de la chanson kabyle,Idir, continue de susciter l&rsquo;\u00e9moi dans les milieux de la culture et des arts ainsi que chez des internautes qui regrettent la perte d&rsquo;un \u00ab\u00a0chanteur\u00a0qui fait partie de toutes les familles alg\u00e9riennes\u00a0\u00bb et qui aura \u00ab\u00a0berc\u00e9 plusieurs g\u00e9n\u00e9rations\u00a0\u00bb d&rsquo;admirateurs inconditionnels.<\/strong><\/p>\n<\/div>\n<div readability=\"107.34121929026\">\n<p>Dans un vibrant hommage, le romancier Yasmina Khadra pleure, dans un \u00e9lan lyrique comme \u00e0 ses habitudes, un chanteur qui \u00ab\u00a0s&rsquo;en est all\u00e9 sur la pointe des pieds (&#8230;) comme un chant d&rsquo;\u00e9t\u00e9 \u00e0 la fin de la colonie (&#8230;), comme se taisent les l\u00e9gendes ne Alg\u00e9rie, son pays, son angoisse son inconsolable\u00a0litanie\u00a0\u00bb, \u00e9crit-il.<\/p>\n<p>En \u00e9voquant quelques br\u00e8ves rencontres avec le chan<\/p>\n<hr\/>\n<p>teur \u00ab\u00a0troubadour errant en qu\u00eate de sa voie\u00a0\u00bb, le c\u00e9l\u00e8bre auteur alg\u00e9rien \u00e9crit: le d\u00e9funt \u00ab\u00a0va beaucoup manquer \u00e0 nos joies si chahut\u00e9es de nos jours par nos peines (&#8230;) mais son absence sera pour nous Alg\u00e9riens et pour ses fans de partout, un grand moment de recueillement\u00a0\u00bb.<\/p>\n<p>Ce texte de Yasmina Khadra est illustr\u00e9 par une caricature de Hicham Baba Ahmed, \u00ab\u00a0Le Hic\u00a0\u00bb, en hommage \u00e0 celui qui a laiss\u00e9 une sc\u00e8ne vide apr\u00e8s avoir raccroch\u00e9 son chapeau sur sa guitare.<\/p>\n<blockquote readability=\"11\">\n<p><em><strong>Le romancier et universitaire Amin Zaoui a salu\u00e9, sur les r\u00e9seaux sociaux, la m\u00e9moire de \u00ab\u00a0l&rsquo;artiste, de l&rsquo;ap\u00f4tre de la libert\u00e9 et du grand humaniste\u00a0\u00bb affirmant que \u00ab\u00a0les artistes de la trempe de Idir ne meurent jamais, mais sont en voyage\u00a0\u00bb.<\/strong><\/em><\/p>\n<\/blockquote>\n<p>Le grand musicien, producteur, arrangeur, Safy Boutella, profond\u00e9ment boulevers\u00e9 par la disparition d&rsquo;un \u00ab\u00a0ami\u00a0\u00bb \u00e9voque une \u00ab\u00a0perte immense pour notre pays et le monde artistique\u00a0\u00bb, alors que le l&rsquo;auteur compositeur, interpr\u00e8te et dessinateur, Hocine Boukella, alias Cheikh Sidi Bemol, salue en Idir \u00ab\u00a0le phare de notre culture et la lumi\u00e8re qui guide les artistes\u00a0\u00bb .<\/p>\n<p>Les r\u00e9seaux sociaux se sont empar\u00e9s de la triste nouvelle pour partager de vieilles photos souvenirs et de selfis pris avec le chanteur et revenir ses ces meilleurs oeuvres, ses duos c\u00e9l\u00e8bres et certaines de ses rencontres des personnalit\u00e9s politiques et du monde de l&rsquo;art et de la culture.<\/p>\n<p><span class=\"c30\"><strong>= \u00ab\u00a0Eternel comme sa musique\u00a0\u00bb =<\/strong><\/span><\/p>\n<p>\u00a0En guise d&rsquo;hommage, de nombreuses vid\u00e9os et chansons du d\u00e9funt sont \u00e9galement offerts en partage par des milliers d&rsquo;admirateurs alg\u00e9riens, pour souligner la popularit\u00e9 et la stature nationale de l&rsquo;artiste disparu.<\/p>\n<hr\/>\n<p>Lire aus<a href=\"http:\/\/www.aps.dz\/culture\/104641-idir-une-longue-carriere-au-service-du-patrimoine-musical\">si :\u00a0Idir: une longue carri\u00e8re au service du patrimoine musical<\/a><\/p>\n<hr\/>\n<p>Amateurs ou confirm\u00e9s, des musiciens et chanteurs ont partag\u00e9 leurs reprises de chansons et de m\u00e9lodies de Idir en plus des nombreuses anecdotes sur leur d\u00e9couverte des \u00ab\u00a0berceuses chant\u00e9es par nos m\u00e8res\u00a0\u00bb, gr\u00e2ce \u00e0 Idir qui les avait remises au go\u00fbt du jour et sauv\u00e9es de l&rsquo;oubli, t\u00e9moignent-ils.<\/p>\n<blockquote readability=\"8\">\n<p><em><strong>\u00ab\u00a0Par tes chansons tu as berc\u00e9 notre enfance, renforc\u00e9 notre exil et tu as enrichi notre patrimoine musical alg\u00e9rien\u00a0\u00bb \u00e9crit une fan sur Facebook alors que de nombreux \u00e9taient ceux qui ont pr\u00e9f\u00e9r\u00e9 dire au chanteur qu&rsquo;il restera \u00ab\u00a0\u00e9ternel comme sa musique\u00a0\u00bb.<\/strong><\/em><\/p>\n<\/blockquote>\n<p>Dans leurs innombrables messages de condol\u00e9ances des admirateurs saluent le travail de l&rsquo;artiste qui a \u00e9t\u00e9 \u00ab\u00a0l&rsquo;ambassadeur de la chanson kabyle et de la culture alg\u00e9rienne mais aussi de Tamazight\u00a0\u00bb, oeuvrant \u00e0 la promotion de cette derni\u00e8re pendant toute sa carri\u00e8re.Idir aura grandement particip\u00e9 \u00e0\u00a0\u00ab\u00a0l&rsquo;introduction de la culture alg\u00e9rienne sur la sc\u00e8ne internationale de par ses collaborations\u00a0\u00bb avec de grands noms de la chanson alg\u00e9rienne et fran\u00e7aise, lit-on aussi sur le net.<\/p>\n<p>Idir est d\u00e9c\u00e9d\u00e9 dans la nuit du samedi \u00e0 dimanche dans un h\u00f4pital parisien, \u00e0 l&rsquo;\u00e2ge de 71 ans des suites d&rsquo;une longue maladie.<\/p>\n<\/div>\n<p>Auteur:<br \/>\n<a href=\"http:\/\/www.aps.dz\/culture\/104668-personnalites-du-monde-de-la-culture-et-internautes-saluent-la-memoire-de-idir\">Cliquez ici pour lire l&rsquo;article depuis sa source.<\/a><\/p>\n","protected":false},"excerpt":{"rendered":"<p>ALGER- La disparition de l&rsquo;ic\u00f4ne de la chanson kabyle,Idir, continue de susciter l&rsquo;\u00e9moi dans les milieux de la culture et des arts ainsi que chez des internautes qui regrettent la perte d&rsquo;un \u00ab\u00a0chanteur\u00a0qui fait partie de toutes les familles alg\u00e9riennes\u00a0\u00bb et qui aura \u00ab\u00a0berc\u00e9 plusieurs g\u00e9n\u00e9rations\u00a0\u00bb d&rsquo;admirateurs inconditionnels. Dans un vibrant hommage, le romancier Yasmina [&hellip;]<\/p>\n","protected":false},"author":1790,"featured_media":0,"comment_status":"closed","ping_status":"closed","sticky":false,"template":"","format":"standard","meta":{"fifu_image_url":"","fifu_image_alt":"","footnotes":""},"categories":[53,79],"tags":[],"class_list":["post-84168","post","type-post","status-publish","format-standard","hentry","category-algerie","category-culture"],"_links":{"self":[{"href":"https:\/\/linitiative.ca\/International\/wp-json\/wp\/v2\/posts\/84168","targetHints":{"allow":["GET"]}}],"collection":[{"href":"https:\/\/linitiative.ca\/International\/wp-json\/wp\/v2\/posts"}],"about":[{"href":"https:\/\/linitiative.ca\/International\/wp-json\/wp\/v2\/types\/post"}],"author":[{"embeddable":true,"href":"https:\/\/linitiative.ca\/International\/wp-json\/wp\/v2\/users\/1790"}],"replies":[{"embeddable":true,"href":"https:\/\/linitiative.ca\/International\/wp-json\/wp\/v2\/comments?post=84168"}],"version-history":[{"count":0,"href":"https:\/\/linitiative.ca\/International\/wp-json\/wp\/v2\/posts\/84168\/revisions"}],"wp:attachment":[{"href":"https:\/\/linitiative.ca\/International\/wp-json\/wp\/v2\/media?parent=84168"}],"wp:term":[{"taxonomy":"category","embeddable":true,"href":"https:\/\/linitiative.ca\/International\/wp-json\/wp\/v2\/categories?post=84168"},{"taxonomy":"post_tag","embeddable":true,"href":"https:\/\/linitiative.ca\/International\/wp-json\/wp\/v2\/tags?post=84168"}],"curies":[{"name":"wp","href":"https:\/\/api.w.org\/{rel}","templated":true}]}}