{"id":84169,"date":"2020-05-03T09:19:00","date_gmt":"2020-05-03T13:19:00","guid":{"rendered":"https:\/\/linitiative.ca\/International\/son-oeuvre-monumentale-restera-a-jamais-une-source-dinspiration\/"},"modified":"2020-05-03T09:19:00","modified_gmt":"2020-05-03T13:19:00","slug":"son-oeuvre-monumentale-restera-a-jamais-une-source-dinspiration","status":"publish","type":"post","link":"https:\/\/linitiative.ca\/International\/son-oeuvre-monumentale-restera-a-jamais-une-source-dinspiration\/","title":{"rendered":"\u00ab\u00a0Son \u0153uvre monumentale restera \u00e0 jamais une source d\u2019inspiration\u00bb\u00a0\u00bb"},"content":{"rendered":"<div id=\"originalText\" readability=\"47\">\n<p>\u00ab\u00a0idir, l\u00e9gende de la chanson alg\u00e9rienne, s&rsquo;en est all\u00e9. Son oeuvre monumentale restera \u00e0 jamais une source d&rsquo;inspiration en Alg\u00e9rie et \u00e0 travers le monde. Nos sinc\u00e8res condol\u00e9ances \u00e0 sa famille et \u00e0 tous ceux qui pleurent sa disparition. Athyarhem Reb\u00a0\u00bb, a r\u00e9agi, ce dimanche, le patron du Groupe Cevital, Issad Rebrab, sur son compte tweeter et sa page facebook, au d\u00e9c\u00e8s, samedi, de l&rsquo;ic\u00f4ne de la chanson Kabyle, Iidir, de son vrai nom Hamid Cheriet.\u00a0<\/p>\n<p><img decoding=\"async\" alt=\"\" src=\"\/data\/upload\/Capture Rebrab.PNG\" class=\"c6\"\/><\/p>\n<p class=\"c7\"><strong>R\u00e9daction Web\u00a0<\/strong><\/p>\n<\/div>\n<div id=\"text_core\" readability=\"47\">\n<p>\u00ab\u00a0idir, l\u00e9gende de la chanson alg\u00e9rienne, s&rsquo;en est all\u00e9. Son oeuvre monumentale restera \u00e0 jamais une source d&rsquo;inspiration en Alg\u00e9rie et \u00e0 travers le monde. Nos sinc\u00e8res condol\u00e9ances \u00e0 sa famille et \u00e0 tous ceux qui pleurent sa disparition. Athyarhem Reb\u00a0\u00bb, a r\u00e9agi, ce dimanche, le patron du Groupe Cevital, Issad Rebrab, sur son compte tweeter et sa page facebook, au d\u00e9c\u00e8s, samedi, de l&rsquo;ic\u00f4ne de la chanson Kabyle, Iidir, de son vrai nom Hamid Cheriet.\u00a0<\/p>\n<p><img decoding=\"async\" alt=\"\" src=\"\/data\/upload\/Capture Rebrab.PNG\" class=\"c6\"\/><\/p>\n<p class=\"c7\"><strong>R\u00e9daction Web\u00a0<\/strong><\/p>\n<\/div>\n<p>Auteur:<br \/>\n<a href=\"https:\/\/www.liberte-algerie.com\/actualite\/son-oeuvre-monumentale-restera-a-jamais-une-source-dinspiration-338203\">Cliquez ici pour lire l&rsquo;article depuis sa source.<\/a><\/p>\n","protected":false},"excerpt":{"rendered":"<p>\u00ab\u00a0idir, l\u00e9gende de la chanson alg\u00e9rienne, s&rsquo;en est all\u00e9. Son oeuvre monumentale restera \u00e0 jamais une source d&rsquo;inspiration en Alg\u00e9rie et \u00e0 travers le monde. Nos sinc\u00e8res condol\u00e9ances \u00e0 sa famille et \u00e0 tous ceux qui pleurent sa disparition. Athyarhem Reb\u00a0\u00bb, a r\u00e9agi, ce dimanche, le patron du Groupe Cevital, Issad Rebrab, sur son compte [&hellip;]<\/p>\n","protected":false},"author":1742,"featured_media":84170,"comment_status":"closed","ping_status":"closed","sticky":false,"template":"","format":"standard","meta":{"fifu_image_url":"","fifu_image_alt":"","footnotes":""},"categories":[73,53],"tags":[],"class_list":["post-84169","post","type-post","status-publish","format-standard","has-post-thumbnail","hentry","category-actualite","category-algerie"],"_links":{"self":[{"href":"https:\/\/linitiative.ca\/International\/wp-json\/wp\/v2\/posts\/84169","targetHints":{"allow":["GET"]}}],"collection":[{"href":"https:\/\/linitiative.ca\/International\/wp-json\/wp\/v2\/posts"}],"about":[{"href":"https:\/\/linitiative.ca\/International\/wp-json\/wp\/v2\/types\/post"}],"author":[{"embeddable":true,"href":"https:\/\/linitiative.ca\/International\/wp-json\/wp\/v2\/users\/1742"}],"replies":[{"embeddable":true,"href":"https:\/\/linitiative.ca\/International\/wp-json\/wp\/v2\/comments?post=84169"}],"version-history":[{"count":0,"href":"https:\/\/linitiative.ca\/International\/wp-json\/wp\/v2\/posts\/84169\/revisions"}],"wp:featuredmedia":[{"embeddable":true,"href":"https:\/\/linitiative.ca\/International\/wp-json\/"}],"wp:attachment":[{"href":"https:\/\/linitiative.ca\/International\/wp-json\/wp\/v2\/media?parent=84169"}],"wp:term":[{"taxonomy":"category","embeddable":true,"href":"https:\/\/linitiative.ca\/International\/wp-json\/wp\/v2\/categories?post=84169"},{"taxonomy":"post_tag","embeddable":true,"href":"https:\/\/linitiative.ca\/International\/wp-json\/wp\/v2\/tags?post=84169"}],"curies":[{"name":"wp","href":"https:\/\/api.w.org\/{rel}","templated":true}]}}