{"id":84178,"date":"2020-05-03T13:40:11","date_gmt":"2020-05-03T17:40:11","guid":{"rendered":"https:\/\/linitiative.ca\/International\/covid-19-centre-fermeture-de-plusieurs-commerces-pour-non-respect-des-mesures-barrieres\/"},"modified":"2020-05-03T13:40:11","modified_gmt":"2020-05-03T17:40:11","slug":"covid-19-centre-fermeture-de-plusieurs-commerces-pour-non-respect-des-mesures-barrieres","status":"publish","type":"post","link":"https:\/\/linitiative.ca\/International\/covid-19-centre-fermeture-de-plusieurs-commerces-pour-non-respect-des-mesures-barrieres\/","title":{"rendered":"Covid-19\/Centre : fermeture de plusieurs commerces pour non respect des  mesures barri\u00e8res"},"content":{"rendered":"<div readability=\"37\">\n<p class=\"c30\"><strong>TIZI-OUZOU- Des d\u00e9cisions d\u2019interdiction de certaines activit\u00e9s commerciales, autoris\u00e9es depuis une semaine dans le cadre des mesures d\u2019all\u00e9gement du confinement contre la propagation du Coronavirus (Covid-19), ont \u00e9t\u00e9 prises par certaines wilayas du Centre du pays suite \u00e0 la constatation du non respect des mesures barri\u00e8res contre le virus.<\/strong><\/p>\n<\/div>\n<div readability=\"71.5\">\n<p class=\"c30\">\u00a0Cette mesure interdiction concerne les wilayas d\u2019Alger, Blida, Tizi-Ouzou, Ain Defla, Boumerdes et Tipasa, o\u00f9 les walis ont sign\u00e9 des arr\u00eat\u00e9s d\u2019interdiction de certaines activit\u00e9s rouvertes depuis d\u00e9but Ramadan sur d\u00e9cision du Gouvernement, et ce suite \u00e0 l\u2019enregistrement d\u2019une hausse des cas de contamination au coronavirus selon le bilan annonc\u00e9 ce dimanche par le minist\u00e8re de la Sant\u00e9 de la population et de la r\u00e9forme hospitali\u00e8re suite au non respect des mesures sanitaires de pr\u00e9vention contre la propagation du coronavirus.<\/p>\n<p><em><strong>Dans ces six wilayas les commerces qui sont touch\u00e9s par ces mesures annonc\u00e9s et qui resteront en vigueur \u00ab\u00a0jusqu\u2019\u00e0 nouvel ordre\u00a0\u00bb, sont les salons de coiffure (dames et hommes), les magasins de vente de p\u00e2tisseries et\u00a0\u00a0g\u00e2teaux traditionnels, de v\u00eatements et chaussures, d&rsquo;\u00e9lectrom\u00e9nager, de cosm\u00e9tiques, de tissus et des merceries.<\/strong><\/em><\/p>\n<p class=\"c30\">Le Pr\u00e9sident de la R\u00e9publique, M. Abdelmadjid Tebboune, a annonc\u00e9 samedi dernier, lors d\u2019une entrevue de presse avec des responsables de m\u00e9dias nationaux, l\u2019\u00e9ventualit\u00e9 de la fermeture de certains commerces autoris\u00e9s \u00e0 reprendre \u00ab\u00a0s\u2019il s\u2019av\u00e8re qu\u2019ils sont \u00e0 l\u2019origine d&rsquo;une hausse dans la propagation de la pand\u00e9mie du Covid-19\u00a0\u00bb.<\/p>\n<blockquote readability=\"10\">\n<p class=\"c30\"><em><strong>Si cette mesure \u00ab\u00a0mettra en p\u00e9ril la vie des citoyens nous n\u2019h\u00e9siterons pas \u00e0 fermer \u00e0 nouveau les commerces et reviendrons \u00e0 plus de rigueur dans l\u2019application du confinement, sachant que nous sommes arriv\u00e9s presque \u00e0 la fin de la pand\u00e9mie\u00a0\u00bb, a-t-il assur\u00e9 en soulignant que la fermeture des magasins rouverts au d\u00e9but du mois de Ramadhan est devenue \u00ab\u00a0une revendication populaire\u00a0\u00bb apr\u00e8s la hausse de nombre de cas de covid-19 depuis quelques jours.<\/strong><\/em><\/p>\n<\/blockquote>\n<p class=\"c30\">De son c\u00f4t\u00e9 le Premier Ministre Abdelaziz Djerad a affirm\u00e9 samedi \u00e0 partir de la wilaya de S\u00e9tif, que l\u2019une des premi\u00e8res causes \u00e0 l\u2019origine de la r\u00e9cente augmentation des cas d\u2019infection par le virus a \u00e9t\u00e9 le non-respect de ces conditions et l\u2019affluence des citoyens vers les march\u00e9s et les commerces. Il a ajout\u00e9 que \u00ab\u00a0ce non-respect s\u2019il persiste conduira \u00e0 l\u2019application du plan +B+ \u00e0 savoir, le renoncement \u00e0 ces certaines d\u00e9cisions prises par le Gouvernement pour faciliter la vie aux citoyens\u00a0\u00bb.<\/p>\n<\/div>\n<p>Auteur:<br \/>\n<a href=\"http:\/\/www.aps.dz\/regions\/104671-covid-19-centre-fermeture-de-plusieurs-commerces-pour-non-respect-des-mesures-barrieres\">Cliquez ici pour lire l&rsquo;article depuis sa source.<\/a><\/p>\n","protected":false},"excerpt":{"rendered":"<p>TIZI-OUZOU- Des d\u00e9cisions d\u2019interdiction de certaines activit\u00e9s commerciales, autoris\u00e9es depuis une semaine dans le cadre des mesures d\u2019all\u00e9gement du confinement contre la propagation du Coronavirus (Covid-19), ont \u00e9t\u00e9 prises par certaines wilayas du Centre du pays suite \u00e0 la constatation du non respect des mesures barri\u00e8res contre le virus. \u00a0Cette mesure interdiction concerne les wilayas [&hellip;]<\/p>\n","protected":false},"author":1790,"featured_media":0,"comment_status":"closed","ping_status":"closed","sticky":false,"template":"","format":"standard","meta":{"fifu_image_url":"","fifu_image_alt":"","footnotes":""},"categories":[53,76],"tags":[],"class_list":["post-84178","post","type-post","status-publish","format-standard","hentry","category-algerie","category-regions"],"_links":{"self":[{"href":"https:\/\/linitiative.ca\/International\/wp-json\/wp\/v2\/posts\/84178","targetHints":{"allow":["GET"]}}],"collection":[{"href":"https:\/\/linitiative.ca\/International\/wp-json\/wp\/v2\/posts"}],"about":[{"href":"https:\/\/linitiative.ca\/International\/wp-json\/wp\/v2\/types\/post"}],"author":[{"embeddable":true,"href":"https:\/\/linitiative.ca\/International\/wp-json\/wp\/v2\/users\/1790"}],"replies":[{"embeddable":true,"href":"https:\/\/linitiative.ca\/International\/wp-json\/wp\/v2\/comments?post=84178"}],"version-history":[{"count":0,"href":"https:\/\/linitiative.ca\/International\/wp-json\/wp\/v2\/posts\/84178\/revisions"}],"wp:attachment":[{"href":"https:\/\/linitiative.ca\/International\/wp-json\/wp\/v2\/media?parent=84178"}],"wp:term":[{"taxonomy":"category","embeddable":true,"href":"https:\/\/linitiative.ca\/International\/wp-json\/wp\/v2\/categories?post=84178"},{"taxonomy":"post_tag","embeddable":true,"href":"https:\/\/linitiative.ca\/International\/wp-json\/wp\/v2\/tags?post=84178"}],"curies":[{"name":"wp","href":"https:\/\/api.w.org\/{rel}","templated":true}]}}